{"id":26993,"date":"2023-05-23T13:30:45","date_gmt":"2023-05-23T13:30:45","guid":{"rendered":"https:\/\/elinformante.mx\/?p=26993"},"modified":"2023-05-23T13:30:46","modified_gmt":"2023-05-23T13:30:46","slug":"acuerdan-ine-y-sre-prueba-piloto-de-voto-presencial-de-connacionales-para-comicios-de-coahuila-y-edomex","status":"publish","type":"post","link":"https:\/\/elinformante.mx\/?p=26993","title":{"rendered":"ACUERDAN INE Y SRE PRUEBA PILOTO DE VOTO PRESENCIAL DE CONNACIONALES PARA COMICIOS DE COAHUILA Y EDOM\u00c9X"},"content":{"rendered":"\n<blockquote class=\"wp-block-quote is-layout-flow wp-block-quote-is-layout-flow\">\n<p class=\"wp-block-paragraph\">Todo est\u00e1 dispuesto en t\u00e9rminos operativos para que el modelo piloto resulte exitoso.<\/p>\n<\/blockquote>\n\n\n\n<p class=\"wp-block-paragraph\">Con miras a las elecciones del pr\u00f3ximo 4 de junio, el Instituto Nacional Electoral (INE) y la Secretar\u00eda de Relaciones Exteriores (SRE) firmaron el convenio de colaboraci\u00f3n para poner en marcha el programa piloto de voto presencial de connacionales radicados en Canad\u00e1 y Estados Unidos.<br><\/p>\n\n\n\n<p class=\"wp-block-paragraph\">Durante el evento, Claudia Zavala P\u00e9rez, consejera electoral, reconoci\u00f3 que la SRE ha colaborado con el INE siempre respetando su autonom\u00eda y dijo que este esquema a usarse en menos de dos semanas tiene como objetivo que para dentro de un a\u00f1o, en los comicios federales, se ejecuten los sufragios presenciales como una tercera modalidad y no como prueba piloto.<br><\/p>\n\n\n\n<figure class=\"wp-block-image size-large\"><img fetchpriority=\"high\" decoding=\"async\" width=\"1024\" height=\"503\" src=\"https:\/\/elinformante.mx\/wp-content\/uploads\/2023\/05\/acuerdan-3-1024x503.jpg\" alt=\"\" class=\"wp-image-26995\" srcset=\"https:\/\/elinformante.mx\/wp-content\/uploads\/2023\/05\/acuerdan-3-1024x503.jpg 1024w, https:\/\/elinformante.mx\/wp-content\/uploads\/2023\/05\/acuerdan-3-300x147.jpg 300w, https:\/\/elinformante.mx\/wp-content\/uploads\/2023\/05\/acuerdan-3-768x377.jpg 768w, https:\/\/elinformante.mx\/wp-content\/uploads\/2023\/05\/acuerdan-3-580x285.jpg 580w, https:\/\/elinformante.mx\/wp-content\/uploads\/2023\/05\/acuerdan-3-860x422.jpg 860w, https:\/\/elinformante.mx\/wp-content\/uploads\/2023\/05\/acuerdan-3.jpg 1140w\" sizes=\"(max-width: 1024px) 100vw, 1024px\" \/><\/figure>\n\n\n\n<p class=\"wp-block-paragraph\">Indic\u00f3 que todo est\u00e1 dispuesto, en t\u00e9rminos operativos, para que el modelo piloto resulte exitoso, y que coahuilenses y mexiquenses ejerzan su voto desde el exterior de forma presencial en cuatro sedes consulares de M\u00e9xico en Canad\u00e1 y Estados Unidos.<br><\/p>\n\n\n\n<figure class=\"wp-block-image size-large\"><img decoding=\"async\" width=\"1024\" height=\"503\" src=\"https:\/\/elinformante.mx\/wp-content\/uploads\/2023\/05\/acuerdan-4-1024x503.jpg\" alt=\"\" class=\"wp-image-26996\" srcset=\"https:\/\/elinformante.mx\/wp-content\/uploads\/2023\/05\/acuerdan-4-1024x503.jpg 1024w, https:\/\/elinformante.mx\/wp-content\/uploads\/2023\/05\/acuerdan-4-300x147.jpg 300w, https:\/\/elinformante.mx\/wp-content\/uploads\/2023\/05\/acuerdan-4-768x377.jpg 768w, https:\/\/elinformante.mx\/wp-content\/uploads\/2023\/05\/acuerdan-4-580x285.jpg 580w, https:\/\/elinformante.mx\/wp-content\/uploads\/2023\/05\/acuerdan-4-860x422.jpg 860w, https:\/\/elinformante.mx\/wp-content\/uploads\/2023\/05\/acuerdan-4.jpg 1140w\" sizes=\"(max-width: 1024px) 100vw, 1024px\" \/><\/figure>\n\n\n\n<p class=\"wp-block-paragraph\">Tras esto, al INE le corresponde realizar actividades de promoci\u00f3n, difusi\u00f3n e informaci\u00f3n digitales; la capacitaci\u00f3n del funcionariado de los M\u00f3dulos Receptores de Votaci\u00f3n, su instalaci\u00f3n, operaci\u00f3n y cierre el d\u00eda de la jornada electoral; el control, administraci\u00f3n y resguardo de la documentaci\u00f3n y materiales electorales, as\u00ed como de los dispositivos electr\u00f3nicos para la identificaci\u00f3n y votaci\u00f3n en los consulados de Chicago, Dallas y Los \u00c1ngeles, en Estados Unidos, y Montreal, en Canad\u00e1.<br><\/p>\n\n\n\n<figure class=\"wp-block-image size-large\"><img decoding=\"async\" width=\"1024\" height=\"503\" src=\"https:\/\/elinformante.mx\/wp-content\/uploads\/2023\/05\/acuerdan-5-1024x503.jpg\" alt=\"\" class=\"wp-image-26997\" srcset=\"https:\/\/elinformante.mx\/wp-content\/uploads\/2023\/05\/acuerdan-5-1024x503.jpg 1024w, https:\/\/elinformante.mx\/wp-content\/uploads\/2023\/05\/acuerdan-5-300x147.jpg 300w, https:\/\/elinformante.mx\/wp-content\/uploads\/2023\/05\/acuerdan-5-768x377.jpg 768w, https:\/\/elinformante.mx\/wp-content\/uploads\/2023\/05\/acuerdan-5-580x285.jpg 580w, https:\/\/elinformante.mx\/wp-content\/uploads\/2023\/05\/acuerdan-5-860x422.jpg 860w, https:\/\/elinformante.mx\/wp-content\/uploads\/2023\/05\/acuerdan-5.jpg 1140w\" sizes=\"(max-width: 1024px) 100vw, 1024px\" \/><\/figure>\n\n\n\n<p class=\"wp-block-paragraph\">En tanto, la canciller\u00eda estar\u00e1 a cargo de apoyar con las gestiones administrativas ante las autoridades en el extranjero; facilitar los espacios f\u00edsicos y el mobiliario para la instalaci\u00f3n y funcionamiento de los M\u00f3dulos Receptores de Votaci\u00f3n; el desarrollo de los simulacros previos a la jornada electoral, y dotar del apoyo log\u00edstico antes, durante y despu\u00e9s de los comicios.<\/p>\n","protected":false},"excerpt":{"rendered":"<p>Todo est\u00e1 dispuesto en t\u00e9rminos operativos para que el modelo piloto resulte exitoso. Con miras a las elecciones del pr\u00f3ximo 4 de junio, el Instituto Nacional Electoral (INE) y la Secretar\u00eda de Relaciones Exteriores (SRE) firmaron el convenio de colaboraci\u00f3n para poner en marcha el programa piloto de voto presencial de connacionales radicados en Canad\u00e1 [&hellip;]<\/p>\n","protected":false},"author":1,"featured_media":26994,"comment_status":"closed","ping_status":"closed","sticky":false,"template":"","format":"standard","meta":{"footnotes":""},"categories":[30,31],"tags":[],"class_list":["post-26993","post","type-post","status-publish","format-standard","has-post-thumbnail","hentry","category-destacado","category-portada"],"_links":{"self":[{"href":"https:\/\/elinformante.mx\/index.php?rest_route=\/wp\/v2\/posts\/26993","targetHints":{"allow":["GET"]}}],"collection":[{"href":"https:\/\/elinformante.mx\/index.php?rest_route=\/wp\/v2\/posts"}],"about":[{"href":"https:\/\/elinformante.mx\/index.php?rest_route=\/wp\/v2\/types\/post"}],"author":[{"embeddable":true,"href":"https:\/\/elinformante.mx\/index.php?rest_route=\/wp\/v2\/users\/1"}],"replies":[{"embeddable":true,"href":"https:\/\/elinformante.mx\/index.php?rest_route=%2Fwp%2Fv2%2Fcomments&post=26993"}],"version-history":[{"count":0,"href":"https:\/\/elinformante.mx\/index.php?rest_route=\/wp\/v2\/posts\/26993\/revisions"}],"wp:featuredmedia":[{"embeddable":true,"href":"https:\/\/elinformante.mx\/index.php?rest_route=\/wp\/v2\/media\/26994"}],"wp:attachment":[{"href":"https:\/\/elinformante.mx\/index.php?rest_route=%2Fwp%2Fv2%2Fmedia&parent=26993"}],"wp:term":[{"taxonomy":"category","embeddable":true,"href":"https:\/\/elinformante.mx\/index.php?rest_route=%2Fwp%2Fv2%2Fcategories&post=26993"},{"taxonomy":"post_tag","embeddable":true,"href":"https:\/\/elinformante.mx\/index.php?rest_route=%2Fwp%2Fv2%2Ftags&post=26993"}],"curies":[{"name":"wp","href":"https:\/\/api.w.org\/{rel}","templated":true}]}}