{"id":27007,"date":"2023-05-23T14:10:21","date_gmt":"2023-05-23T14:10:21","guid":{"rendered":"https:\/\/elinformante.mx\/?p=27007"},"modified":"2023-05-23T14:10:22","modified_gmt":"2023-05-23T14:10:22","slug":"coordinaran-cempidh-y-uaemex-gestion-de-proyectos-en-beneficio-de-periodistas-y-defensores-de-derechos-humanos","status":"publish","type":"post","link":"https:\/\/elinformante.mx\/?p=27007","title":{"rendered":"Coordinar\u00e1n CEMPIDH y UAEM\u00e9x gesti\u00f3n de proyectos en beneficio de periodistas y defensores de Derechos Humanos"},"content":{"rendered":"\n<blockquote class=\"wp-block-quote is-layout-flow wp-block-quote-is-layout-flow\">\n<p class=\"wp-block-paragraph\">Busca CEMPIDH vincular a la comunidad universitaria en la gesti\u00f3n de proyectos para protecci\u00f3n de periodistas y personas defensoras de los Derechos Humanos.<\/p>\n<\/blockquote>\n\n\n\n<p class=\"wp-block-paragraph\">El Consejo Consultivo del Mecanismo de Protecci\u00f3n Integral para Periodistas y Personas Defensoras de los Derechos Humanos y la Universidad Aut\u00f3noma del Estado de M\u00e9xico (UAEM) buscan emprender acciones de colaboraci\u00f3n para gesti\u00f3n de proyectos.<br><\/p>\n\n\n\n<p class=\"wp-block-paragraph\">En ese sentido, refirieron la implementaci\u00f3n de diagn\u00f3sticos y el desarrollo de herramientas tecnol\u00f3gicas como sitios web, con las que cuenta la UAEM, para obtener un panorama m\u00e1s amplio sobre las personas que ejercen el periodismo y la defensa de los derechos humanos en territorio mexiquense.<br><\/p>\n\n\n\n<p class=\"wp-block-paragraph\">Se podr\u00e1 contar con datos cualitativos y cuantitativos de ambos sectores, que se traduzcan en acciones para mejorar las condiciones que garanticen su ejercicio profesional.<br><\/p>\n\n\n\n<p class=\"wp-block-paragraph\">Durante la reuni\u00f3n de trabajo, a la que asisti\u00f3 la Coordinadora Ejecutiva del CEMPIDH, el Secretario de Rector\u00eda de la UAEM manifest\u00f3 la disposici\u00f3n de la Universidad para colaborar y reforzar trabajos a trav\u00e9s de grupos multidisciplinarios de las diversas licenciaturas y posgrados con las que puede vincular dichos temas.<br><\/p>\n\n\n\n<p class=\"wp-block-paragraph\">Las integrantes del Consejo, Diana Mancilla y Maricruz Rivera, indicaron que la participaci\u00f3n del sector acad\u00e9mico, estudiantes y docentes es fundamental para el fortalecimiento del CEMPIDH.<br><\/p>\n\n\n\n<p class=\"wp-block-paragraph\">Coincidieron en la relevancia que tendr\u00e1 la participaci\u00f3n de la UAEM para brindar certeza y seguridad sobre la informaci\u00f3n recabada y su aportaci\u00f3n como profesionales para el desarrollo de pol\u00edticas p\u00fablicas.<\/p>\n","protected":false},"excerpt":{"rendered":"<p>Busca CEMPIDH vincular a la comunidad universitaria en la gesti\u00f3n de proyectos para protecci\u00f3n de periodistas y personas defensoras de los Derechos Humanos. El Consejo Consultivo del Mecanismo de Protecci\u00f3n Integral para Periodistas y Personas Defensoras de los Derechos Humanos y la Universidad Aut\u00f3noma del Estado de M\u00e9xico (UAEM) buscan emprender acciones de colaboraci\u00f3n para [&hellip;]<\/p>\n","protected":false},"author":1,"featured_media":27008,"comment_status":"closed","ping_status":"closed","sticky":false,"template":"","format":"standard","meta":{"footnotes":""},"categories":[30,36],"tags":[],"class_list":["post-27007","post","type-post","status-publish","format-standard","has-post-thumbnail","hentry","category-destacado","category-edomex"],"_links":{"self":[{"href":"https:\/\/elinformante.mx\/index.php?rest_route=\/wp\/v2\/posts\/27007","targetHints":{"allow":["GET"]}}],"collection":[{"href":"https:\/\/elinformante.mx\/index.php?rest_route=\/wp\/v2\/posts"}],"about":[{"href":"https:\/\/elinformante.mx\/index.php?rest_route=\/wp\/v2\/types\/post"}],"author":[{"embeddable":true,"href":"https:\/\/elinformante.mx\/index.php?rest_route=\/wp\/v2\/users\/1"}],"replies":[{"embeddable":true,"href":"https:\/\/elinformante.mx\/index.php?rest_route=%2Fwp%2Fv2%2Fcomments&post=27007"}],"version-history":[{"count":0,"href":"https:\/\/elinformante.mx\/index.php?rest_route=\/wp\/v2\/posts\/27007\/revisions"}],"wp:featuredmedia":[{"embeddable":true,"href":"https:\/\/elinformante.mx\/index.php?rest_route=\/wp\/v2\/media\/27008"}],"wp:attachment":[{"href":"https:\/\/elinformante.mx\/index.php?rest_route=%2Fwp%2Fv2%2Fmedia&parent=27007"}],"wp:term":[{"taxonomy":"category","embeddable":true,"href":"https:\/\/elinformante.mx\/index.php?rest_route=%2Fwp%2Fv2%2Fcategories&post=27007"},{"taxonomy":"post_tag","embeddable":true,"href":"https:\/\/elinformante.mx\/index.php?rest_route=%2Fwp%2Fv2%2Ftags&post=27007"}],"curies":[{"name":"wp","href":"https:\/\/api.w.org\/{rel}","templated":true}]}}