{"id":27210,"date":"2023-05-25T11:55:50","date_gmt":"2023-05-25T11:55:50","guid":{"rendered":"https:\/\/elinformante.mx\/?p=27210"},"modified":"2023-05-25T11:55:51","modified_gmt":"2023-05-25T11:55:51","slug":"detienen-a-seis-personas-asegurando-narcoticos-en-valle-de-chalco","status":"publish","type":"post","link":"https:\/\/elinformante.mx\/?p=27210","title":{"rendered":"Detienen a seis personas, asegurando narc\u00f3ticos en Valle de Chalco"},"content":{"rendered":"\n<blockquote class=\"wp-block-quote is-layout-flow wp-block-quote-is-layout-flow\">\n<p class=\"wp-block-paragraph\">Fueron aseguradas adem\u00e1s r\u00e9plicas de armas de fuego, cartuchos \u00fatiles, un bast\u00f3n retr\u00e1ctil y objetos punzocortantes.<\/p>\n<\/blockquote>\n\n\n\n<p class=\"wp-block-paragraph\">Resultado de cateos ejecutados en tres inmuebles de este municipio, agentes de la Fiscal\u00eda General de Justicia (FGJEM) en conjunto con elementos de la Secretar\u00eda de Seguridad estatal (SS) y de la Polic\u00eda Municipal, detuvieron a seis personas, adem\u00e1s aseguraron narc\u00f3ticos, r\u00e9plicas de armas de fuego y cartuchos \u00fatiles.<br><\/p>\n\n\n\n<p class=\"wp-block-paragraph\">Estas acciones realizadas de manera simult\u00e1nea fueron llevadas a cabo derivado de investigaciones de la FGJEM sobre inmuebles al parecer utilizados para la comisi\u00f3n de hechos delictivos relacionados con la venta de droga en el Valle de Chalco.<br><\/p>\n\n\n\n<p class=\"wp-block-paragraph\">Uno de los inmuebles est\u00e1 ubicado en avenida Cuauht\u00e9moc, de la colonia Santiago, donde fueron halladas bolsas con droga conocida como cristal, envoltorios con hierba verde con las caracter\u00edsticas de la marihuana, tres r\u00e9plicas de arma de fuego, cartuchos \u00fatiles calibre .22 mm y 7.62 mm, dos navajas, un machete, un bast\u00f3n retr\u00e1ctil y piezas de arma de fuego.<br><\/p>\n\n\n\n<p class=\"wp-block-paragraph\">Durante esta diligencia fueron detenidos Juan Bernardo \u201cN\u201d de 35 a\u00f1os, Francisco \u201cN\u201d de 27 a\u00f1os, Josu\u00e9 \u201cN\u201d de 18 a\u00f1os y Efr\u00e9n \u201cN\u201d de 27 a\u00f1os.<br><\/p>\n\n\n\n<p class=\"wp-block-paragraph\">Personal de la Fiscal\u00eda Regional de Amecameca, de la SS y Polic\u00edas Municipales de Valle de Chalco incursionaron tambi\u00e9n a un inmueble ubicado en la calle Sur 16, colonia Guadalupana, Segunda Secci\u00f3n, donde fue detenido un sujeto que se identific\u00f3 como Enrique Jes\u00fas \u201cN\u201d de 29 a\u00f1os. En el sitio fueron asegurados envoltorios con droga conocida como cristal.<br><\/p>\n\n\n\n<p class=\"wp-block-paragraph\">Elementos de estas Instituciones ejecutaron adem\u00e1s orden de cateo en una vivienda de la avenida Ignacio Manuel Altamirano, en la colonia Santa Cruz, tambi\u00e9n en Valle de Chalco, donde en el \u00e1rea de patio fueron halladas cuatro plantas de vegetal verde al parecer marihuana, por lo que fue detenida Adriana \u201cN\u201d de 47 a\u00f1os.<br><\/p>\n\n\n\n<p class=\"wp-block-paragraph\">Las personas detenidas fueron presentadas ante el Agente del Ministerio P\u00fablico, quien inici\u00f3 las indagatorias por los hechos y determinar\u00e1 su situaci\u00f3n legal, sin embargo, deben ser considerados inocentes hasta que sea dictada una sentencia condenatoria en su contra.<\/p>\n","protected":false},"excerpt":{"rendered":"<p>Fueron aseguradas adem\u00e1s r\u00e9plicas de armas de fuego, cartuchos \u00fatiles, un bast\u00f3n retr\u00e1ctil y objetos punzocortantes. Resultado de cateos ejecutados en tres inmuebles de este municipio, agentes de la Fiscal\u00eda General de Justicia (FGJEM) en conjunto con elementos de la Secretar\u00eda de Seguridad estatal (SS) y de la Polic\u00eda Municipal, detuvieron a seis personas, adem\u00e1s [&hellip;]<\/p>\n","protected":false},"author":1,"featured_media":27211,"comment_status":"closed","ping_status":"closed","sticky":false,"template":"","format":"standard","meta":{"footnotes":""},"categories":[36,37],"tags":[],"class_list":["post-27210","post","type-post","status-publish","format-standard","has-post-thumbnail","hentry","category-edomex","category-justicia"],"_links":{"self":[{"href":"https:\/\/elinformante.mx\/index.php?rest_route=\/wp\/v2\/posts\/27210","targetHints":{"allow":["GET"]}}],"collection":[{"href":"https:\/\/elinformante.mx\/index.php?rest_route=\/wp\/v2\/posts"}],"about":[{"href":"https:\/\/elinformante.mx\/index.php?rest_route=\/wp\/v2\/types\/post"}],"author":[{"embeddable":true,"href":"https:\/\/elinformante.mx\/index.php?rest_route=\/wp\/v2\/users\/1"}],"replies":[{"embeddable":true,"href":"https:\/\/elinformante.mx\/index.php?rest_route=%2Fwp%2Fv2%2Fcomments&post=27210"}],"version-history":[{"count":0,"href":"https:\/\/elinformante.mx\/index.php?rest_route=\/wp\/v2\/posts\/27210\/revisions"}],"wp:featuredmedia":[{"embeddable":true,"href":"https:\/\/elinformante.mx\/index.php?rest_route=\/wp\/v2\/media\/27211"}],"wp:attachment":[{"href":"https:\/\/elinformante.mx\/index.php?rest_route=%2Fwp%2Fv2%2Fmedia&parent=27210"}],"wp:term":[{"taxonomy":"category","embeddable":true,"href":"https:\/\/elinformante.mx\/index.php?rest_route=%2Fwp%2Fv2%2Fcategories&post=27210"},{"taxonomy":"post_tag","embeddable":true,"href":"https:\/\/elinformante.mx\/index.php?rest_route=%2Fwp%2Fv2%2Ftags&post=27210"}],"curies":[{"name":"wp","href":"https:\/\/api.w.org\/{rel}","templated":true}]}}