{"id":27380,"date":"2023-05-26T15:15:14","date_gmt":"2023-05-26T15:15:14","guid":{"rendered":"https:\/\/elinformante.mx\/?p=27380"},"modified":"2023-05-26T15:15:15","modified_gmt":"2023-05-26T15:15:15","slug":"dos-individuos-fueron-vinculados-a-proceso-por-posible-trata-de-personas-en-agravio-de-menor-de-edad","status":"publish","type":"post","link":"https:\/\/elinformante.mx\/?p=27380","title":{"rendered":"Dos individuos fueron vinculados a proceso por posible trata de personas en agravio de menor de edad"},"content":{"rendered":"\n<blockquote class=\"wp-block-quote is-layout-flow wp-block-quote-is-layout-flow\">\n<p class=\"wp-block-paragraph\">Los detenidos son la madre del ni\u00f1o agraviado y la pareja sentimental de esta mujer.<\/p>\n<\/blockquote>\n\n\n\n<p class=\"wp-block-paragraph\">Efra\u00edn \u201cN\u201d y Celia \u201cN\u201d, fueron vinculados a proceso, despu\u00e9s de que esta Fiscal\u00eda General de Justicia del Estado de M\u00e9xico, acredit\u00f3 su probable participaci\u00f3n en el delito de trata de personas, en la modalidad \u201cde al que se beneficie de la explotaci\u00f3n de una persona a trav\u00e9s de los trabajos forzados mediante el aprovechamiento de una situaci\u00f3n de vulnerabilidad\u201d, en agravio de un menor de edad.<br><\/p>\n\n\n\n<p class=\"wp-block-paragraph\">La indagatoria iniciada por esta Fiscal\u00eda estatal precis\u00f3 que a partir del a\u00f1o 2016 y hasta agosto de 2022, los posibles implicados al parecer obligaron a un ni\u00f1o, hijo de Celia \u201cN\u201d a comercializar frituras en calles del municipio de Tenancingo. En caso de que la v\u00edctima no vendiera dichos productos, era agredido f\u00edsica y verbalmente.<br><\/p>\n\n\n\n<p class=\"wp-block-paragraph\">En julio del a\u00f1o 2022 esta Instituci\u00f3n inici\u00f3 una investigaci\u00f3n por estos hechos, derivado de una denuncia de la ciudadan\u00eda, mediante la cual se alert\u00f3 sobre la posible comisi\u00f3n de hechos delictivos en agravio del menor de edad, quien desde que ten\u00eda 7 a\u00f1os presuntamente era obligado a vender frituras y adem\u00e1s era golpeado constantemente por su madre y la pareja sentimental de esta mujer.<br><\/p>\n\n\n\n<p class=\"wp-block-paragraph\">Con el avance en la indagatoria, el Agente del Ministerio P\u00fablico recab\u00f3 datos de prueba en contra de los posibles implicados, contra quienes solicit\u00f3 orden de aprehensi\u00f3n, mandamiento judicial que fue otorgado por el \u00d3rgano Jurisdiccional y cumplimentado por elementos de la Polic\u00eda de Investigaci\u00f3n (PDI).<br><\/p>\n\n\n\n<p class=\"wp-block-paragraph\">Ambas personas fueron ingresadas al Centro Penitenciario y de Reinserci\u00f3n Social de la zona, a disposici\u00f3n de un Juez, quien los vincul\u00f3 a proceso por trata de personas, en la modalidad \u201cde al que se beneficie de la explotaci\u00f3n de una persona a trav\u00e9s de los trabajos forzados mediante el aprovechamiento de una situaci\u00f3n de vulnerabilidad\u201d, estableci\u00f3 plazo de dos meses para el cierre de investigaci\u00f3n complementaria y medida cautelar de prisi\u00f3n preventiva.<br><\/p>\n\n\n\n<p class=\"wp-block-paragraph\">A los detenidos se les debe considerar inocentes hasta que sea dictada una sentencia condenatoria en su contra.<\/p>\n","protected":false},"excerpt":{"rendered":"<p>Los detenidos son la madre del ni\u00f1o agraviado y la pareja sentimental de esta mujer. Efra\u00edn \u201cN\u201d y Celia \u201cN\u201d, fueron vinculados a proceso, despu\u00e9s de que esta Fiscal\u00eda General de Justicia del Estado de M\u00e9xico, acredit\u00f3 su probable participaci\u00f3n en el delito de trata de personas, en la modalidad \u201cde al que se beneficie [&hellip;]<\/p>\n","protected":false},"author":1,"featured_media":27381,"comment_status":"closed","ping_status":"closed","sticky":false,"template":"","format":"standard","meta":{"footnotes":""},"categories":[36,37],"tags":[],"class_list":["post-27380","post","type-post","status-publish","format-standard","has-post-thumbnail","hentry","category-edomex","category-justicia"],"_links":{"self":[{"href":"https:\/\/elinformante.mx\/index.php?rest_route=\/wp\/v2\/posts\/27380","targetHints":{"allow":["GET"]}}],"collection":[{"href":"https:\/\/elinformante.mx\/index.php?rest_route=\/wp\/v2\/posts"}],"about":[{"href":"https:\/\/elinformante.mx\/index.php?rest_route=\/wp\/v2\/types\/post"}],"author":[{"embeddable":true,"href":"https:\/\/elinformante.mx\/index.php?rest_route=\/wp\/v2\/users\/1"}],"replies":[{"embeddable":true,"href":"https:\/\/elinformante.mx\/index.php?rest_route=%2Fwp%2Fv2%2Fcomments&post=27380"}],"version-history":[{"count":0,"href":"https:\/\/elinformante.mx\/index.php?rest_route=\/wp\/v2\/posts\/27380\/revisions"}],"wp:featuredmedia":[{"embeddable":true,"href":"https:\/\/elinformante.mx\/index.php?rest_route=\/wp\/v2\/media\/27381"}],"wp:attachment":[{"href":"https:\/\/elinformante.mx\/index.php?rest_route=%2Fwp%2Fv2%2Fmedia&parent=27380"}],"wp:term":[{"taxonomy":"category","embeddable":true,"href":"https:\/\/elinformante.mx\/index.php?rest_route=%2Fwp%2Fv2%2Fcategories&post=27380"},{"taxonomy":"post_tag","embeddable":true,"href":"https:\/\/elinformante.mx\/index.php?rest_route=%2Fwp%2Fv2%2Ftags&post=27380"}],"curies":[{"name":"wp","href":"https:\/\/api.w.org\/{rel}","templated":true}]}}