{"id":27434,"date":"2023-05-29T13:53:58","date_gmt":"2023-05-29T13:53:58","guid":{"rendered":"https:\/\/elinformante.mx\/?p=27434"},"modified":"2023-05-29T13:53:59","modified_gmt":"2023-05-29T13:53:59","slug":"jane-fonda-revela-secretos-sobre-hollywood-en-el-festival-de-cannes","status":"publish","type":"post","link":"https:\/\/elinformante.mx\/?p=27434","title":{"rendered":"Jane Fonda revela secretos sobre Hollywood en el Festival de Cannes"},"content":{"rendered":"\n<blockquote class=\"wp-block-quote is-layout-flow wp-block-quote-is-layout-flow\">\n<p>La actriz comparti\u00f3 algunas an\u00e9cdotas que han dejado huella en su vida, sin mostrar ning\u00fan tipo de reservas.<\/p>\n<\/blockquote>\n\n\n\n<p>El Festival de Cine de Cannes es conocido por ser una plataforma preferida por las estrellas para lucir sus magn\u00edficos atuendos y celebrar su \u00e9xito.<br><\/p>\n\n\n\n<p>Sin embargo, la ic\u00f3nica actriz Jane Fonda demostr\u00f3 el viernes que es importante aprovechar estas oportunidades para compartir contenido valioso.<br><\/p>\n\n\n\n<p>Durante una charla de una hora y media, la protagonista de \u2018Barbarella\u2019 no evit\u00f3 ning\u00fan tema y no dud\u00f3 en criticar a uno de los actores con los que m\u00e1s ha trabajado.<br><\/p>\n\n\n\n<p>En un encuentro con el p\u00fablico en el Festival de Cannes, Jane Fonda comparti\u00f3 algunos de sus secretos m\u00e1s \u00edntimos. Durante la entrevista que tuvo lugar el viernes por la tarde, Fonda dej\u00f3 en claro desde el principio que no ten\u00eda intenci\u00f3n de evadir ning\u00fan tema, por m\u00e1s privado que pareciera.<br><\/p>\n\n\n\n<p>Desde el inicio de la charla, se\u00f1al\u00f3 que pod\u00eda entender a la moderadora sin necesidad de un traductor, ya que el franc\u00e9s no le resultaba extra\u00f1o. Con una sonrisa, mencion\u00f3: \u201cUno de mis esposos, he tenido tres, era franc\u00e9s\u201d, refiri\u00e9ndose a Roger Vadim, el director que la dirigi\u00f3 en \u2018Barbarella\u2019.<br><\/p>\n\n\n\n<figure class=\"wp-block-image size-large\"><img fetchpriority=\"high\" decoding=\"async\" width=\"1024\" height=\"503\" src=\"https:\/\/elinformante.mx\/wp-content\/uploads\/2023\/05\/JANE-1024x503.jpg\" alt=\"\" class=\"wp-image-27436\" srcset=\"https:\/\/elinformante.mx\/wp-content\/uploads\/2023\/05\/JANE-1024x503.jpg 1024w, https:\/\/elinformante.mx\/wp-content\/uploads\/2023\/05\/JANE-300x147.jpg 300w, https:\/\/elinformante.mx\/wp-content\/uploads\/2023\/05\/JANE-768x377.jpg 768w, https:\/\/elinformante.mx\/wp-content\/uploads\/2023\/05\/JANE-580x285.jpg 580w, https:\/\/elinformante.mx\/wp-content\/uploads\/2023\/05\/JANE-860x422.jpg 860w, https:\/\/elinformante.mx\/wp-content\/uploads\/2023\/05\/JANE.jpg 1140w\" sizes=\"(max-width: 1024px) 100vw, 1024px\" \/><\/figure>\n\n\n\n<p>Sobre aquel ic\u00f3nico y edulcorado filme futurista de 1968, no tuvo reparos en expresar: \u201cNo me gust\u00f3 en absoluto mientras lo estaba haciendo\u201d.<br><\/p>\n\n\n\n<p>\u201cAl comienzo de la pel\u00edcula, hice un striptease en el espacio. Aunque no lo crean, era muy t\u00edmida, as\u00ed que tuve que beber mucho vodka para perder la verg\u00fcenza y film\u00e9 esa escena estando ebria\u201d, explic\u00f3.<br><\/p>\n\n\n\n<p>Entre los actores que record\u00f3, mencion\u00f3 nombres como Robert Redford, Alain Delon, Michael Douglas e incluso el director franc\u00e9s Ren\u00e9 Cl\u00e9ment, quien le hizo una inusual propuesta relacionada con sus orgasmos, argumentando que quer\u00eda explorar su autenticidad para un personaje.<br><\/p>\n\n\n\n<p>\u201cEstaba enamorada de Robert Redford. En total hice cuatro pel\u00edculas con \u00e9l y en tres, estuve enamorada de \u00e9l. Lo que quiere decir que la pas\u00e9 muy bien, excepto porque a \u00e9l no le gustaba besar\u201d, expres\u00f3 con honestidad. \u201cEs una buena persona, s\u00f3lo que tiene un problema con las mujeres, eso es todo\u201d, sentenci\u00f3 sin dar m\u00e1s detalles.<br><\/p>\n\n\n\n<p>Al recordar su experiencia trabajando con Alain Delon en 1964 en la pel\u00edcula \u2018La jaula del amor\u2019, filmada en Niza, en la hermosa Riviera Francesa, Jane Fonda describi\u00f3 al actor como un hombre de una belleza y caballerosidad excepcionales, destac\u00e1ndolo como uno de los hombres m\u00e1s notables que ha conocido en su vida.<br><\/p>\n\n\n\n<p>\u201c\u00a1Ay, Dios mio! No tanto ahora, ya sabes, ha tenido una vida dura, pero en aquel entonces era el hombre m\u00e1s maravilloso del mundo. Yo estaba con la boca abierta todo el tiempo. Y a \u00e9l s\u00ed le gustaba besar. Tuvimos muchas escenas rom\u00e1nticas, aunque ahora que lo pienso no fueron tantas como las que \u00e9l tuvo con otras mujeres\u2026\u201d, mencion\u00f3.<br><\/p>\n\n\n\n<p>En cuanto a Michael Douglas, quien fue galardonado con la Palma de Oro Honor\u00edfica en este mismo festival, Jane Fonda expres\u00f3 que si bien siempre ha sido h\u00e1bil en las relaciones p\u00fablicas, no ha cultivado amistades duraderas, lo que seg\u00fan ella ha contribuido a su longevidad en la industria del entretenimiento.<br><\/p>\n\n\n\n<p>Fonda tambi\u00e9n destac\u00f3 la importancia de la pel\u00edcula \u2018Mi pasado me condena\u2019, la cual protagoniz\u00f3 en 1971 y revel\u00f3 c\u00f3mo se prepar\u00f3 para interpretar a una trabajadora sexual.<br><\/p>\n\n\n\n<p>\u201cMe instal\u00e9 junto a un grupo de prostitutas durante una semana en Francia, pero ning\u00fan hombre me lanz\u00f3 una mirada coqueta. \u00a1Nadie me hizo insinuaciones, ni siquiera! As\u00ed que le dije a Alan [J. Pakula, el director]: \u2018D\u00e9jame rescindir el contrato. Contrata a Faye Dunaway. Ella ser\u00e1 buena: todos quieren acostarse con ella\u2019. \u00c9l simplemente se ri\u00f3\u201d, record\u00f3 la actriz entre risas.<br><\/p>\n\n\n\n<p>Adem\u00e1s de su \u201ctrabajo de campo\u201d, Fonda decidi\u00f3 visitar la morgue para sumergirse a\u00fan m\u00e1s en su personaje donde le mostraron cientos de fotograf\u00edas de mujeres que hab\u00edan sido golpeadas hasta la muerte por hombres.<br><\/p>\n\n\n\n<p>\u201cCuando film\u00e9 la escena final, esas mujeres pasaron por mi cabeza y me largue a llorar. No lloraba de miedo, sino de tristeza y horror. Una mitad de m\u00ed estaba all\u00ed en la escena y la otra me dec\u00eda: \u2018Mierda. Me estoy volviendo feminista\u2019. Fue un momento tan poderoso\u201d, rememor\u00f3 la actriz con profunda emoci\u00f3n.<br><\/p>\n\n\n\n<p>Adem\u00e1s, la hija del legendario actor Henry Fonda dedic\u00f3 unos minutos para hablar sobre su activismo, una convicci\u00f3n que surgi\u00f3 en la d\u00e9cada de los 70 y que ha mantenido firmemente a lo largo de su vida.<\/p>\n","protected":false},"excerpt":{"rendered":"<p>La actriz comparti\u00f3 algunas an\u00e9cdotas que han dejado huella en su vida, sin mostrar ning\u00fan tipo de reservas. El Festival de Cine de Cannes es conocido por ser una plataforma preferida por las estrellas para lucir sus magn\u00edficos atuendos y celebrar su \u00e9xito. Sin embargo, la ic\u00f3nica actriz Jane Fonda demostr\u00f3 el viernes que es [&hellip;]<\/p>\n","protected":false},"author":1,"featured_media":27435,"comment_status":"closed","ping_status":"closed","sticky":false,"template":"","format":"standard","meta":{"footnotes":""},"categories":[30,39],"tags":[],"class_list":["post-27434","post","type-post","status-publish","format-standard","has-post-thumbnail","hentry","category-destacado","category-espectaculos"],"_links":{"self":[{"href":"https:\/\/elinformante.mx\/index.php?rest_route=\/wp\/v2\/posts\/27434","targetHints":{"allow":["GET"]}}],"collection":[{"href":"https:\/\/elinformante.mx\/index.php?rest_route=\/wp\/v2\/posts"}],"about":[{"href":"https:\/\/elinformante.mx\/index.php?rest_route=\/wp\/v2\/types\/post"}],"author":[{"embeddable":true,"href":"https:\/\/elinformante.mx\/index.php?rest_route=\/wp\/v2\/users\/1"}],"replies":[{"embeddable":true,"href":"https:\/\/elinformante.mx\/index.php?rest_route=%2Fwp%2Fv2%2Fcomments&post=27434"}],"version-history":[{"count":0,"href":"https:\/\/elinformante.mx\/index.php?rest_route=\/wp\/v2\/posts\/27434\/revisions"}],"wp:featuredmedia":[{"embeddable":true,"href":"https:\/\/elinformante.mx\/index.php?rest_route=\/wp\/v2\/media\/27435"}],"wp:attachment":[{"href":"https:\/\/elinformante.mx\/index.php?rest_route=%2Fwp%2Fv2%2Fmedia&parent=27434"}],"wp:term":[{"taxonomy":"category","embeddable":true,"href":"https:\/\/elinformante.mx\/index.php?rest_route=%2Fwp%2Fv2%2Fcategories&post=27434"},{"taxonomy":"post_tag","embeddable":true,"href":"https:\/\/elinformante.mx\/index.php?rest_route=%2Fwp%2Fv2%2Ftags&post=27434"}],"curies":[{"name":"wp","href":"https:\/\/api.w.org\/{rel}","templated":true}]}}