{"id":27443,"date":"2023-05-29T13:56:46","date_gmt":"2023-05-29T13:56:46","guid":{"rendered":"https:\/\/elinformante.mx\/?p=27443"},"modified":"2023-05-29T13:56:47","modified_gmt":"2023-05-29T13:56:47","slug":"anatomia-de-una-caida-de-justine-triet-palma-de-oro-del-76-festival-de-cannes","status":"publish","type":"post","link":"https:\/\/elinformante.mx\/?p=27443","title":{"rendered":"\u201cAnatom\u00eda de una ca\u00edda\u201d, de Justine Triet, Palma de Oro del 76 Festival de Cannes"},"content":{"rendered":"\n<blockquote class=\"wp-block-quote is-layout-flow wp-block-quote-is-layout-flow\">\n<p>La cinta de la francesa Justine Triet, fue premiada este s\u00e1bado con la Palma de Oro de la 76 edici\u00f3n del Festival de Cannes.<\/p>\n<\/blockquote>\n\n\n\n<p>La pel\u00edcula \u201cAnatomie d\u2019une chute\u201d (Anatom\u00eda de una ca\u00edda), de la francesa Justine Triet, gan\u00f3 hoy la Palma de Oro de la 76 edici\u00f3n del Festival de Cannes y convirti\u00f3 a su realizadora en la tercera mujer en obtener el m\u00e1ximo galard\u00f3n de la cita cinematogr\u00e1fica de la Costa Azul Francesa.<br><\/p>\n\n\n\n<p>Todo el equipo de este film -que trata sobre el caso de un hombre que muere al caerse por la ventana en su casa en las monta\u00f1as, en un momento en el que solo estaban en ella su mujer, su hijo ciego y su perro- subi\u00f3 al escenario para recoger el galard\u00f3n, que se hab\u00eda encargado de anunciar la actriz estadounidense Jane Fonda.<br><\/p>\n\n\n\n<p>Antes de Triet, las \u00fanicas mujeres que hab\u00edan obtenido la Palma de Oro hab\u00edan sido Jane Campion por \u201cThe Piano\u201d, en 1993, y Julia Ducournau, por \u201cTitane\u201d en 2021, quien en esta edici\u00f3n formaba parte del jurado, presidido por el sueco Ruben \u00d6stlund e integrado tambi\u00e9n, entre otros, por el realizador argentino Dami\u00e1n Szifron.<br><\/p>\n\n\n\n<p>Otra de las grandes favoritas, \u201cThe Zone of Interest\u201d del brit\u00e1nico Jonathan Glazer, se adjudic\u00f3 el Gran Premio.<br><\/p>\n\n\n\n<p>El premio a la Mejor Direcci\u00f3n fue para el realizador francovietnamita Tran Anh Hung por \u201cLa Passion de Dodin Bouffant\u201d, protagonizada por Juliette Binoche y Beno\u00eet Magimel,<br><\/p>\n\n\n\n<p>En guion, el galard\u00f3n se lo qued\u00f3 el japon\u00e9s Yuji Sakamoto por \u201cMonster\u201d, una pel\u00edcula dirigida por Hirokazu Kore-eda que trata sobre la infancia y la homosexualidad.<br><\/p>\n\n\n\n<p>En el apartado de interpretaci\u00f3n, los ganadores fueron la turca Merve Dizdar, de la pel\u00edcula \u201cDry Grasses\u201d (Nuri Bilge Ceylan), y el japon\u00e9s Koji Yakusho por su papel en \u201cPerfect Days\u201d, de Wim Wenders.<br><\/p>\n\n\n\n<figure class=\"wp-block-image size-large\"><img fetchpriority=\"high\" decoding=\"async\" width=\"1024\" height=\"503\" src=\"https:\/\/elinformante.mx\/wp-content\/uploads\/2023\/05\/ANATOMIA-2-1024x503.jpg\" alt=\"\" class=\"wp-image-27445\" srcset=\"https:\/\/elinformante.mx\/wp-content\/uploads\/2023\/05\/ANATOMIA-2-1024x503.jpg 1024w, https:\/\/elinformante.mx\/wp-content\/uploads\/2023\/05\/ANATOMIA-2-300x147.jpg 300w, https:\/\/elinformante.mx\/wp-content\/uploads\/2023\/05\/ANATOMIA-2-768x377.jpg 768w, https:\/\/elinformante.mx\/wp-content\/uploads\/2023\/05\/ANATOMIA-2-580x285.jpg 580w, https:\/\/elinformante.mx\/wp-content\/uploads\/2023\/05\/ANATOMIA-2-860x422.jpg 860w, https:\/\/elinformante.mx\/wp-content\/uploads\/2023\/05\/ANATOMIA-2.jpg 1140w\" sizes=\"(max-width: 1024px) 100vw, 1024px\" \/><\/figure>\n\n\n\n<p>El palmar\u00e9s de largometrajes lo complet\u00f3 \u201cFallen Leaves\u201d del finland\u00e9s Aki Kaurism\u00e4ki, que se adjudic\u00f3 el Premio del Jurado.<br><\/p>\n\n\n\n<p>Respecto a los cortometrajes, la obra ganadora de la Palma de Oro fue \u201c27\u201d, de la h\u00fangara Fl\u00f3ra Anna Buda, mientras que la islandesa \u201cF\u00e1r\u201d, de Gunnur Martinsd\u00f3ttir Schl\u00fcter, se llev\u00f3 una menci\u00f3n especial.<br><\/p>\n\n\n\n<p>Con ello, las propuestas llegadas desde Espa\u00f1a (\u201cAunque es de noche\u201d), Colombia (\u201cLa perra\u201d) y Argentina (\u201cNada de todo esto\u201d) se quedaron sin premio.<br><\/p>\n\n\n\n<p>Lo mismo le ocurri\u00f3 al brasile\u00f1o Karim A\u00efnouz, que con \u201cFirebrand\u201d era el \u00fanico latinoamericano que compet\u00eda por la Palma de Oro en esta 76 edici\u00f3n.<br><\/p>\n\n\n\n<p>En la ceremonia de clausura tambi\u00e9n se entreg\u00f3 la C\u00e1mara de Oro a la mejor \u00f3pera prima presentada en Cannes (incluidas sus secciones paralelas), que fue para el vietnamita Thien An Pham por \u201cInside the Yellow Cocoon Shell\u201d, presentada dentro de la Quincena de Cineastas y que cuenta entre sus coproductores a Fasten Films de Barcelona.<br><\/p>\n\n\n\n<p>El cierre de esta 76 edici\u00f3n en el Gran Th\u00e9atre Lumi\u00e9re se completar\u00e1 esta noche con la proyecci\u00f3n de \u201cElemental\u201d, la nueva pel\u00edcula de Pixar.<br><\/p>\n\n\n\n<p>Antes de la gala hab\u00edan desfilado por la alfombra roja, adem\u00e1s de los equipos ganadores, estrellas del cine y rostros populares como Orlando Bloom, Quentin Tarantino, Geri Halliwell, Nikolaj Coster-Waldau o Eva Longoria.<\/p>\n","protected":false},"excerpt":{"rendered":"<p>La cinta de la francesa Justine Triet, fue premiada este s\u00e1bado con la Palma de Oro de la 76 edici\u00f3n del Festival de Cannes. La pel\u00edcula \u201cAnatomie d\u2019une chute\u201d (Anatom\u00eda de una ca\u00edda), de la francesa Justine Triet, gan\u00f3 hoy la Palma de Oro de la 76 edici\u00f3n del Festival de Cannes y convirti\u00f3 a [&hellip;]<\/p>\n","protected":false},"author":1,"featured_media":27444,"comment_status":"closed","ping_status":"closed","sticky":false,"template":"","format":"standard","meta":{"footnotes":""},"categories":[39],"tags":[],"class_list":["post-27443","post","type-post","status-publish","format-standard","has-post-thumbnail","hentry","category-espectaculos"],"_links":{"self":[{"href":"https:\/\/elinformante.mx\/index.php?rest_route=\/wp\/v2\/posts\/27443","targetHints":{"allow":["GET"]}}],"collection":[{"href":"https:\/\/elinformante.mx\/index.php?rest_route=\/wp\/v2\/posts"}],"about":[{"href":"https:\/\/elinformante.mx\/index.php?rest_route=\/wp\/v2\/types\/post"}],"author":[{"embeddable":true,"href":"https:\/\/elinformante.mx\/index.php?rest_route=\/wp\/v2\/users\/1"}],"replies":[{"embeddable":true,"href":"https:\/\/elinformante.mx\/index.php?rest_route=%2Fwp%2Fv2%2Fcomments&post=27443"}],"version-history":[{"count":0,"href":"https:\/\/elinformante.mx\/index.php?rest_route=\/wp\/v2\/posts\/27443\/revisions"}],"wp:featuredmedia":[{"embeddable":true,"href":"https:\/\/elinformante.mx\/index.php?rest_route=\/wp\/v2\/media\/27444"}],"wp:attachment":[{"href":"https:\/\/elinformante.mx\/index.php?rest_route=%2Fwp%2Fv2%2Fmedia&parent=27443"}],"wp:term":[{"taxonomy":"category","embeddable":true,"href":"https:\/\/elinformante.mx\/index.php?rest_route=%2Fwp%2Fv2%2Fcategories&post=27443"},{"taxonomy":"post_tag","embeddable":true,"href":"https:\/\/elinformante.mx\/index.php?rest_route=%2Fwp%2Fv2%2Ftags&post=27443"}],"curies":[{"name":"wp","href":"https:\/\/api.w.org\/{rel}","templated":true}]}}