{"id":27447,"date":"2023-05-29T13:57:37","date_gmt":"2023-05-29T13:57:37","guid":{"rendered":"https:\/\/elinformante.mx\/?p=27447"},"modified":"2023-05-29T13:57:37","modified_gmt":"2023-05-29T13:57:37","slug":"rodrigo-pacheco-es-numero-uno-del-mundo-y-campeon-en-milan","status":"publish","type":"post","link":"https:\/\/elinformante.mx\/?p=27447","title":{"rendered":"Rodrigo Pacheco es n\u00famero uno del mundo y campe\u00f3n en Mil\u00e1n"},"content":{"rendered":"\n<blockquote class=\"wp-block-quote is-layout-flow wp-block-quote-is-layout-flow\">\n<p>El tenista mexicano Rodrigo Pacheo se consagr\u00f3 campe\u00f3n en Mil\u00e1n y se volvi\u00f3 n\u00famero uno del mundo tras el triunfo.<\/p>\n<\/blockquote>\n\n\n\n<p>El Trofeo Bonfiglio en Mil\u00e1n, Italia es uno de los torneos m\u00e1s importantes en el circuito de los juniors y ah\u00ed, en la pista donde alguna vez se coronaron Ivan Lendl, Nicol\u00e1s Almagro, Alexander Zverev y Stefanos Tsitsipas, un mexicano hizo historia. Rodrigo Pacheco levant\u00f3 el trofeo en el Club de Tenis Alberto Bonacossa, pero m\u00e1s all\u00e1 del triunfo, el yucateco se convirti\u00f3 en el n\u00famero uno del mundo en el circuito de la ITF.<br><\/p>\n\n\n\n<p>Pacheco salt\u00f3 al partido final con la certeza de que para el lunes liderar\u00eda el ranking. Sin embargo, no perdi\u00f3 la concentraci\u00f3n y arras\u00f3 a su rival, el norteamericano Cooper Williams 6-4 y 7-5, en un duelo que no signific\u00f3 muchas complicaciones para el mexicano.<br><\/p>\n\n\n\n<p>Rodri arrib\u00f3 al torneo de Mil\u00e1n como el gran favorito al ser el primer sembrado y cumpli\u00f3. Pues fue librando a sus rivales de manera espectacular con la firme convicci\u00f3n de lograr el objetivo, que en un principio era llegar a la final para tener los puntos necesarios que lo convirtieran en el n\u00famero uno en el mundo.<br><\/p>\n\n\n\n<p>En el camino Pacheco dej\u00f3 a Manas Dhamne en la primera ronda, Atakan Karahan en la segunda, Abel Forger en la tercera, Gabriele Vulpitta en los cuartos de final y Joel Schwaerzler en la semifinal.<br><\/p>\n\n\n\n<p>Llegar a la cima de ranking de los juniors es hist\u00f3rico para Rodrigo Pacheco, pues es la primera vez que un mexicano aparece en dicha posici\u00f3n.<br><\/p>\n\n\n\n<p>Ahora \u201cRodri\u201d liderar\u00e1 por encima de los belgas Gilles Arnaud Bailly y Alexander Blockx. El top 5 lo completan el chino Yi Zhou y el b\u00falgaro Iliyan Radulov.<br><\/p>\n\n\n\n<p>Ya como l\u00edder del ranking, Pacheco seguramente emprender\u00e1 su camino a Roland Garros, donde ya tiene experiencia y podr\u00eda este a\u00f1o dar un duro golpe en su carrera.<\/p>\n","protected":false},"excerpt":{"rendered":"<p>El tenista mexicano Rodrigo Pacheo se consagr\u00f3 campe\u00f3n en Mil\u00e1n y se volvi\u00f3 n\u00famero uno del mundo tras el triunfo. El Trofeo Bonfiglio en Mil\u00e1n, Italia es uno de los torneos m\u00e1s importantes en el circuito de los juniors y ah\u00ed, en la pista donde alguna vez se coronaron Ivan Lendl, Nicol\u00e1s Almagro, Alexander Zverev [&hellip;]<\/p>\n","protected":false},"author":1,"featured_media":27448,"comment_status":"closed","ping_status":"closed","sticky":false,"template":"","format":"standard","meta":{"footnotes":""},"categories":[38],"tags":[],"class_list":["post-27447","post","type-post","status-publish","format-standard","has-post-thumbnail","hentry","category-deportes"],"_links":{"self":[{"href":"https:\/\/elinformante.mx\/index.php?rest_route=\/wp\/v2\/posts\/27447","targetHints":{"allow":["GET"]}}],"collection":[{"href":"https:\/\/elinformante.mx\/index.php?rest_route=\/wp\/v2\/posts"}],"about":[{"href":"https:\/\/elinformante.mx\/index.php?rest_route=\/wp\/v2\/types\/post"}],"author":[{"embeddable":true,"href":"https:\/\/elinformante.mx\/index.php?rest_route=\/wp\/v2\/users\/1"}],"replies":[{"embeddable":true,"href":"https:\/\/elinformante.mx\/index.php?rest_route=%2Fwp%2Fv2%2Fcomments&post=27447"}],"version-history":[{"count":0,"href":"https:\/\/elinformante.mx\/index.php?rest_route=\/wp\/v2\/posts\/27447\/revisions"}],"wp:featuredmedia":[{"embeddable":true,"href":"https:\/\/elinformante.mx\/index.php?rest_route=\/wp\/v2\/media\/27448"}],"wp:attachment":[{"href":"https:\/\/elinformante.mx\/index.php?rest_route=%2Fwp%2Fv2%2Fmedia&parent=27447"}],"wp:term":[{"taxonomy":"category","embeddable":true,"href":"https:\/\/elinformante.mx\/index.php?rest_route=%2Fwp%2Fv2%2Fcategories&post=27447"},{"taxonomy":"post_tag","embeddable":true,"href":"https:\/\/elinformante.mx\/index.php?rest_route=%2Fwp%2Fv2%2Ftags&post=27447"}],"curies":[{"name":"wp","href":"https:\/\/api.w.org\/{rel}","templated":true}]}}