{"id":27498,"date":"2023-05-29T15:06:38","date_gmt":"2023-05-29T15:06:38","guid":{"rendered":"https:\/\/elinformante.mx\/?p=27498"},"modified":"2023-05-29T15:06:39","modified_gmt":"2023-05-29T15:06:39","slug":"inicio-infoem-procedimiento-de-verificacion-a-parkimovil-toluca","status":"publish","type":"post","link":"https:\/\/elinformante.mx\/?p=27498","title":{"rendered":"Inici\u00f3 INFOEM procedimiento de verificaci\u00f3n a Parkimovil Toluca"},"content":{"rendered":"\n<blockquote class=\"wp-block-quote is-layout-flow wp-block-quote-is-layout-flow\">\n<p>Se supervisar\u00e1 que el Ayuntamiento cumpla con la normatividad estatal vigente para salvaguardar los datos personales de cada una de las y los ciudadanos.<\/p>\n<\/blockquote>\n\n\n\n<p>El Pleno del Instituto de Transparencia, Acceso a la Informaci\u00f3n P\u00fablica y Protecci\u00f3n de Datos Personales del Estado de M\u00e9xico y Municipios (Infoem), inform\u00f3 a la ciudadan\u00eda que utiliza la aplicaci\u00f3n Parkimovil para el pago de parqu\u00edmetros virtuales, que reforz\u00f3 la vigilancia del tratamiento de los datos personales recabados por el Ayuntamiento de Toluca; por lo que inici\u00f3 el procedimiento de verificaci\u00f3n correspondiente.<br><\/p>\n\n\n\n<p>Este procedimiento tiene el objetivo de supervisar que el gobierno municipal cumpla con la normatividad estatal vigente en la materia, a fin de que durante todo el proceso de pago del servicio, a trav\u00e9s de la descarga y uso de la aplicaci\u00f3n en dispositivos m\u00f3viles, se salvaguarden los datos personales de cada una de las y los ciudadanos.<br><\/p>\n\n\n\n<p>Aunque se aclar\u00f3 que esta aplicaci\u00f3n no es de desarrollo propio del gobierno toluque\u00f1o, sino que su gesti\u00f3n se realiza a trav\u00e9s de una empresa contratada para tal efecto, esto no excluye al ayuntamiento del cumplimiento de las diversas disposiciones legales; por lo que refrend\u00f3 su compromiso para mantenerse vigilante de que las y los usuarios est\u00e9n seguros de que sus datos personales reciben el tratamiento adecuado y se encuentran debidamente resguardados.<br><\/p>\n\n\n\n<p>Como la mayor\u00eda de los tr\u00e1mites virtuales que la ciudadan\u00eda puede realizar desde cualquier dispositivo m\u00f3vil, al ingresar, la empresa solicita una serie de datos personales para poder llevar a cabo el registro como persona usuaria; as\u00ed como para realizar el pago del servicio en la misma aplicaci\u00f3n.<br><\/p>\n\n\n\n<p>Ante una \u00e9poca en la que la informaci\u00f3n constituye un insumo esencial para el otorgamiento y ejercicio de tr\u00e1mites y servicios, principalmente a trav\u00e9s de medios digitales, el organismo transparente reiter\u00f3 que el derecho a la protecci\u00f3n de los datos personales es considerado un derecho humano, el cual ha cobrado gran relevancia para las personas y organizaciones, por lo que al ser un servicio otorgado por un sujeto obligado mexiquense, es deber de las autoridades asegurarse que el tratamiento de la informaci\u00f3n se realice en apego irrestricto a la normatividad vigente.<\/p>\n","protected":false},"excerpt":{"rendered":"<p>Se supervisar\u00e1 que el Ayuntamiento cumpla con la normatividad estatal vigente para salvaguardar los datos personales de cada una de las y los ciudadanos. El Pleno del Instituto de Transparencia, Acceso a la Informaci\u00f3n P\u00fablica y Protecci\u00f3n de Datos Personales del Estado de M\u00e9xico y Municipios (Infoem), inform\u00f3 a la ciudadan\u00eda que utiliza la aplicaci\u00f3n [&hellip;]<\/p>\n","protected":false},"author":1,"featured_media":27499,"comment_status":"closed","ping_status":"closed","sticky":false,"template":"","format":"standard","meta":{"footnotes":""},"categories":[36],"tags":[],"class_list":["post-27498","post","type-post","status-publish","format-standard","has-post-thumbnail","hentry","category-edomex"],"_links":{"self":[{"href":"https:\/\/elinformante.mx\/index.php?rest_route=\/wp\/v2\/posts\/27498","targetHints":{"allow":["GET"]}}],"collection":[{"href":"https:\/\/elinformante.mx\/index.php?rest_route=\/wp\/v2\/posts"}],"about":[{"href":"https:\/\/elinformante.mx\/index.php?rest_route=\/wp\/v2\/types\/post"}],"author":[{"embeddable":true,"href":"https:\/\/elinformante.mx\/index.php?rest_route=\/wp\/v2\/users\/1"}],"replies":[{"embeddable":true,"href":"https:\/\/elinformante.mx\/index.php?rest_route=%2Fwp%2Fv2%2Fcomments&post=27498"}],"version-history":[{"count":0,"href":"https:\/\/elinformante.mx\/index.php?rest_route=\/wp\/v2\/posts\/27498\/revisions"}],"wp:featuredmedia":[{"embeddable":true,"href":"https:\/\/elinformante.mx\/index.php?rest_route=\/wp\/v2\/media\/27499"}],"wp:attachment":[{"href":"https:\/\/elinformante.mx\/index.php?rest_route=%2Fwp%2Fv2%2Fmedia&parent=27498"}],"wp:term":[{"taxonomy":"category","embeddable":true,"href":"https:\/\/elinformante.mx\/index.php?rest_route=%2Fwp%2Fv2%2Fcategories&post=27498"},{"taxonomy":"post_tag","embeddable":true,"href":"https:\/\/elinformante.mx\/index.php?rest_route=%2Fwp%2Fv2%2Ftags&post=27498"}],"curies":[{"name":"wp","href":"https:\/\/api.w.org\/{rel}","templated":true}]}}