{"id":27501,"date":"2023-05-29T15:08:52","date_gmt":"2023-05-29T15:08:52","guid":{"rendered":"https:\/\/elinformante.mx\/?p=27501"},"modified":"2023-05-29T15:09:44","modified_gmt":"2023-05-29T15:09:44","slug":"piden-destitucion-del-director-de-seguridad-publica-en-xonacatlan","status":"publish","type":"post","link":"https:\/\/elinformante.mx\/?p=27501","title":{"rendered":"Piden destituci\u00f3n del director de Seguridad P\u00fablica en Xonacatl\u00e1n"},"content":{"rendered":"\n<p>Este domingo se registr\u00f3 un paro de labores dentro del ayuntamiento de Xonacatl\u00e1n, ya que exigen la destituci\u00f3n del director de Seguridad P\u00fablica.<br><\/p>\n\n\n\n<p>Actualmente el municipio se encuentran sin elementos de seguridad p\u00fablica y con ello, argumentan los habitantes existe un riesgo violencia y crimen en esta localidad.<br><\/p>\n\n\n\n<p>Se detall\u00f3 que exigen la destituci\u00f3n de su titular David Gonz\u00e1lez Santos, pues ha consentido actos de humillaci\u00f3n y agresi\u00f3n en contra de los polic\u00edas municipales.<br><\/p>\n\n\n\n<p>El polic\u00eda que filtr\u00f3 estos datos para la Agencia CNR Noticias y pidi\u00f3 el anonimato ya que desde el pasado viernes 25 de mayo, se vive un clima de tensi\u00f3n y confrontaci\u00f3n al interior de la Presidencia Municipal.<br><\/p>\n\n\n\n<p>Vecinos de este municipio, detectaron la falta de rondines y atenci\u00f3n por parte de la corporaci\u00f3n encargada de la seguridad.<br><\/p>\n\n\n\n<p>Adem\u00e1s acusan que el director de Seguridad se ha encontrado ebrio dentro de las instalaciones municipales y en ese estado et\u00edlico instruy\u00f3 la liberaci\u00f3n de algunos detenidos.<\/p>\n","protected":false},"excerpt":{"rendered":"<p>Este domingo se registr\u00f3 un paro de labores dentro del ayuntamiento de Xonacatl\u00e1n, ya que exigen la destituci\u00f3n del director de Seguridad P\u00fablica. Actualmente el municipio se encuentran sin elementos de seguridad p\u00fablica y con ello, argumentan los habitantes existe un riesgo violencia y crimen en esta localidad. Se detall\u00f3 que exigen la destituci\u00f3n de [&hellip;]<\/p>\n","protected":false},"author":1,"featured_media":27502,"comment_status":"closed","ping_status":"closed","sticky":false,"template":"","format":"standard","meta":{"footnotes":""},"categories":[36],"tags":[],"class_list":["post-27501","post","type-post","status-publish","format-standard","has-post-thumbnail","hentry","category-edomex"],"_links":{"self":[{"href":"https:\/\/elinformante.mx\/index.php?rest_route=\/wp\/v2\/posts\/27501","targetHints":{"allow":["GET"]}}],"collection":[{"href":"https:\/\/elinformante.mx\/index.php?rest_route=\/wp\/v2\/posts"}],"about":[{"href":"https:\/\/elinformante.mx\/index.php?rest_route=\/wp\/v2\/types\/post"}],"author":[{"embeddable":true,"href":"https:\/\/elinformante.mx\/index.php?rest_route=\/wp\/v2\/users\/1"}],"replies":[{"embeddable":true,"href":"https:\/\/elinformante.mx\/index.php?rest_route=%2Fwp%2Fv2%2Fcomments&post=27501"}],"version-history":[{"count":0,"href":"https:\/\/elinformante.mx\/index.php?rest_route=\/wp\/v2\/posts\/27501\/revisions"}],"wp:featuredmedia":[{"embeddable":true,"href":"https:\/\/elinformante.mx\/index.php?rest_route=\/wp\/v2\/media\/27502"}],"wp:attachment":[{"href":"https:\/\/elinformante.mx\/index.php?rest_route=%2Fwp%2Fv2%2Fmedia&parent=27501"}],"wp:term":[{"taxonomy":"category","embeddable":true,"href":"https:\/\/elinformante.mx\/index.php?rest_route=%2Fwp%2Fv2%2Fcategories&post=27501"},{"taxonomy":"post_tag","embeddable":true,"href":"https:\/\/elinformante.mx\/index.php?rest_route=%2Fwp%2Fv2%2Ftags&post=27501"}],"curies":[{"name":"wp","href":"https:\/\/api.w.org\/{rel}","templated":true}]}}