{"id":27519,"date":"2023-05-29T15:30:08","date_gmt":"2023-05-29T15:30:08","guid":{"rendered":"https:\/\/elinformante.mx\/?p=27519"},"modified":"2023-05-29T15:30:09","modified_gmt":"2023-05-29T15:30:09","slug":"marcha-en-defensa-de-la-corte-reune-ciudadanos-en-25-ciudades-del-pais","status":"publish","type":"post","link":"https:\/\/elinformante.mx\/?p=27519","title":{"rendered":"Marcha en defensa de la Corte re\u00fane ciudadanos en 25 ciudades del pa\u00eds"},"content":{"rendered":"\n<blockquote class=\"wp-block-quote is-layout-flow wp-block-quote-is-layout-flow\">\n<p>Ciudadanos marcharon en 25 ciudades del pa\u00eds para manifestar su descontento con la postura del Gobierno federal hacia el Poder Judicial; organizadores celebran organizaci\u00f3n.<\/p>\n<\/blockquote>\n\n\n\n<p>En m\u00e1s de 25 ciudades del pa\u00eds se realizan, desde las primeras horas del domingo, movilizaciones en protesta por las declaraciones del Gobierno federal de reformar el Poder Judicial, marchas que se hacen bajo el lema #LaCorteNoSeToca<br><\/p>\n\n\n\n<p>Alejandra Mor\u00e1n, presidenta de Chalecos M\u00e9xico y una de las convocantes a la manifestaci\u00f3n, dijo que la presencia de la ciudadan\u00eda en tantas ciudades dej\u00f3 claro \u201cel descontento latente\u201d en contra de los ataques que ha sufrido La Corte.<br><\/p>\n\n\n\n<p>Con una movilizaci\u00f3n realizada a las 10:30 de la ma\u00f1ana y partiendo del Monumento a la Revoluci\u00f3n al Z\u00f3calo, del lado de la Puerta Mariana, de la Ciudad de M\u00e9xico, Mor\u00e1n acompa\u00f1o a quienes defienden a la Corte y dijo que las descalificaciones del presidente Andr\u00e9s Manuel L\u00f3pez Obrador tiene a muchos ciudadanos en alerta por los riesgos que, aseguran, hay al Estado de Derecho tras las declaraciones del presidente.<br><\/p>\n\n\n\n<p>La marcha que se replic\u00f3 en diferentes ciudades en el pa\u00eds fue convocada por Mor\u00e1n, quien es la presidenta de la organizaci\u00f3n Chalecos M\u00e9xico; ella detall\u00f3 a La Raz\u00f3n \u201cque nuevamente ser\u00e1 una actividad pac\u00edfica, pero busca hacer visible la inconformidad con el presidente y sus medidas\u201d.<br><\/p>\n\n\n\n<p>Y aunque el motivo principal de esta marcha es la defensa de la Suprema Corte de Justicia de la Naci\u00f3n, los manifestantes, que se dieron cita desde muy temprano en el Monumento a la Revoluci\u00f3n, dijeron que su marcha tambi\u00e9n tiene el objetivo de pedir que se vote por Alejandra del Moral, candidata de la alianza PRI, PAN, PRD y Nueva Alianza a la gubernatura del Estado de M\u00e9xico.<br><\/p>\n\n\n\n<figure class=\"wp-block-image size-large\"><img fetchpriority=\"high\" decoding=\"async\" width=\"1024\" height=\"503\" src=\"https:\/\/elinformante.mx\/wp-content\/uploads\/2023\/05\/MARCHA-1024x503.jpg\" alt=\"\" class=\"wp-image-27521\" srcset=\"https:\/\/elinformante.mx\/wp-content\/uploads\/2023\/05\/MARCHA-1024x503.jpg 1024w, https:\/\/elinformante.mx\/wp-content\/uploads\/2023\/05\/MARCHA-300x147.jpg 300w, https:\/\/elinformante.mx\/wp-content\/uploads\/2023\/05\/MARCHA-768x377.jpg 768w, https:\/\/elinformante.mx\/wp-content\/uploads\/2023\/05\/MARCHA-580x285.jpg 580w, https:\/\/elinformante.mx\/wp-content\/uploads\/2023\/05\/MARCHA-860x422.jpg 860w, https:\/\/elinformante.mx\/wp-content\/uploads\/2023\/05\/MARCHA.jpg 1140w\" sizes=\"(max-width: 1024px) 100vw, 1024px\" \/><\/figure>\n\n\n\n<p>\u201cSi se pierde esa elecci\u00f3n ser\u00e1 m\u00e1s dif\u00edcil que se pueda competir contra Morena en los comicios presidenciales de 2024\u201d, dijo en su turno Margarita Gallardo, quien dice que ella est\u00e1 en el lugar por voluntad propia.<br><\/p>\n\n\n\n<p>En Ciudad de M\u00e9xico el diputado local por el Partido Acci\u00f3n Nacional (PAN), Antonio Zapata Guerrero, argument\u00f3 que \u201chan sido muchos a\u00f1os de lucha por la democracia, por la divisi\u00f3n de poderes, como para volver al viejo r\u00e9gimen\u201d.<br><\/p>\n\n\n\n<p>Coment\u00f3 que muchos integrantes del partido pol\u00edtico Morena ejercieron la denominada \u201cdictadura perfecta\u201d; asegur\u00f3 que los deseos de los mexicanos es la democracia, la divisi\u00f3n de poderes y libertad.<br><\/p>\n\n\n\n<p>El diputado dijo que era una forma de irrespeto que manifestantes \u201cse presentaron en la Suprema Corte con un atuendo similar a los que usan los ministros, cargando ata\u00fades y pancartas, [\u2026] estas personas intentan hacer ver que los ministros est\u00e1n actuando de forma inadecuada cuando no es de esta manera, y por el contrario, se les debe de reconocer el que apliquen la ley y que pongan un alto a los atropellos que se cometen en las entidades federativas\u201d.<br><\/p>\n\n\n\n<p>Las otras ciudades en las que se presentaron manifestantes a favor de la Corte fueron: Acapulco, Acayucan, Aguascalientes, Cabo San Lucas, Canc\u00fan, Cd. Obregon, Cd. Victoria, Celaya, Chihuahua, C\u00f3rdoba, Cuernavaca, Guadalajara, Guanajuato, Hermosillo, Irapuato, Le\u00f3n, M\u00e9rida, Mexicali, Monterrey, Morelia, Orizaba, Pachuca, Puebla, Puerto Vallarta, Quer\u00e9taro, Reynosa, San Luis Potos\u00ed.<br><\/p>\n\n\n\n<p>Tambi\u00e9n se sumaron, San Miguel de Allende, Tampico, Tepic, Tijuana, Toluca, Uruapan, Villahermosa, Boca del Rio y Xalapa.<\/p>\n","protected":false},"excerpt":{"rendered":"<p>Ciudadanos marcharon en 25 ciudades del pa\u00eds para manifestar su descontento con la postura del Gobierno federal hacia el Poder Judicial; organizadores celebran organizaci\u00f3n. En m\u00e1s de 25 ciudades del pa\u00eds se realizan, desde las primeras horas del domingo, movilizaciones en protesta por las declaraciones del Gobierno federal de reformar el Poder Judicial, marchas que [&hellip;]<\/p>\n","protected":false},"author":1,"featured_media":27520,"comment_status":"closed","ping_status":"closed","sticky":false,"template":"","format":"standard","meta":{"footnotes":""},"categories":[34],"tags":[],"class_list":["post-27519","post","type-post","status-publish","format-standard","has-post-thumbnail","hentry","category-nacional"],"_links":{"self":[{"href":"https:\/\/elinformante.mx\/index.php?rest_route=\/wp\/v2\/posts\/27519","targetHints":{"allow":["GET"]}}],"collection":[{"href":"https:\/\/elinformante.mx\/index.php?rest_route=\/wp\/v2\/posts"}],"about":[{"href":"https:\/\/elinformante.mx\/index.php?rest_route=\/wp\/v2\/types\/post"}],"author":[{"embeddable":true,"href":"https:\/\/elinformante.mx\/index.php?rest_route=\/wp\/v2\/users\/1"}],"replies":[{"embeddable":true,"href":"https:\/\/elinformante.mx\/index.php?rest_route=%2Fwp%2Fv2%2Fcomments&post=27519"}],"version-history":[{"count":0,"href":"https:\/\/elinformante.mx\/index.php?rest_route=\/wp\/v2\/posts\/27519\/revisions"}],"wp:featuredmedia":[{"embeddable":true,"href":"https:\/\/elinformante.mx\/index.php?rest_route=\/wp\/v2\/media\/27520"}],"wp:attachment":[{"href":"https:\/\/elinformante.mx\/index.php?rest_route=%2Fwp%2Fv2%2Fmedia&parent=27519"}],"wp:term":[{"taxonomy":"category","embeddable":true,"href":"https:\/\/elinformante.mx\/index.php?rest_route=%2Fwp%2Fv2%2Fcategories&post=27519"},{"taxonomy":"post_tag","embeddable":true,"href":"https:\/\/elinformante.mx\/index.php?rest_route=%2Fwp%2Fv2%2Ftags&post=27519"}],"curies":[{"name":"wp","href":"https:\/\/api.w.org\/{rel}","templated":true}]}}