{"id":27532,"date":"2023-05-29T19:51:56","date_gmt":"2023-05-29T19:51:56","guid":{"rendered":"https:\/\/elinformante.mx\/?p=27532"},"modified":"2023-05-29T19:52:50","modified_gmt":"2023-05-29T19:52:50","slug":"infeliz-sujeto-arroja-un-perrito-a-caso-de-las-carnitas","status":"publish","type":"post","link":"https:\/\/elinformante.mx\/?p=27532","title":{"rendered":"INFELIZ!!!! Sujeto arroja un perrito a cazo de las carnitas"},"content":{"rendered":"\n<p>En pleno marco del <strong>D\u00eda Mundial de los Perros Sin Raza<\/strong>, este sujeto lanz\u00f3 sin piedad a un perrito, dentro de un cazo con aceite hirviendo, afuera de un una carnicer\u00eda ubicada en el municipio de <strong>Tec\u00e1mac<\/strong>, <strong>Edomex<\/strong>.<br><br>El tipo hab\u00eda discutido con el due\u00f1o del comercio, incluso lo hab\u00eda amenazado con un arma de fuego y al salir, desquit\u00f3 su coraje con el perrito, el carnicero, cerr\u00f3 el gas e intent\u00f3 rescatar al pobre animal, sin \u00e9xito.<br><br>Usuarios en redes exigen justicia para el lomito, incluso se han dado a la tarea de buscar las placas del agresor, se\u00f1alando que podr\u00edan ser:<br><\/p>\n\n\n\n<figure class=\"wp-block-image size-full is-resized\"><img fetchpriority=\"high\" decoding=\"async\" src=\"https:\/\/elinformante.mx\/wp-content\/uploads\/2023\/05\/WhatsApp-Image-2023-05-29-at-1.50.29-PM.jpeg\" alt=\"\" class=\"wp-image-27535\" width=\"929\" height=\"178\" srcset=\"https:\/\/elinformante.mx\/wp-content\/uploads\/2023\/05\/WhatsApp-Image-2023-05-29-at-1.50.29-PM.jpeg 978w, https:\/\/elinformante.mx\/wp-content\/uploads\/2023\/05\/WhatsApp-Image-2023-05-29-at-1.50.29-PM-300x58.jpeg 300w, https:\/\/elinformante.mx\/wp-content\/uploads\/2023\/05\/WhatsApp-Image-2023-05-29-at-1.50.29-PM-768x148.jpeg 768w, https:\/\/elinformante.mx\/wp-content\/uploads\/2023\/05\/WhatsApp-Image-2023-05-29-at-1.50.29-PM-580x111.jpeg 580w, https:\/\/elinformante.mx\/wp-content\/uploads\/2023\/05\/WhatsApp-Image-2023-05-29-at-1.50.29-PM-860x165.jpeg 860w\" sizes=\"(max-width: 929px) 100vw, 929px\" \/><\/figure>\n\n\n\n<p>VIDEO SENSIBLE<\/p>\n\n\n\n<figure class=\"wp-block-video\"><video height=\"1080\" style=\"aspect-ratio: 1920 \/ 1080;\" width=\"1920\" controls src=\"https:\/\/elinformante.mx\/wp-content\/uploads\/2023\/05\/PORTADA-2.mp4\"><\/video><\/figure>\n","protected":false},"excerpt":{"rendered":"<p>En pleno marco del D\u00eda Mundial de los Perros Sin Raza, este sujeto lanz\u00f3 sin piedad a un perrito, dentro de un cazo con aceite hirviendo, afuera de un una carnicer\u00eda ubicada en el municipio de Tec\u00e1mac, Edomex. El tipo hab\u00eda discutido con el due\u00f1o del comercio, incluso lo hab\u00eda amenazado con un arma de [&hellip;]<\/p>\n","protected":false},"author":2,"featured_media":27534,"comment_status":"closed","ping_status":"closed","sticky":false,"template":"","format":"standard","meta":{"footnotes":""},"categories":[36],"tags":[],"class_list":["post-27532","post","type-post","status-publish","format-standard","has-post-thumbnail","hentry","category-edomex"],"_links":{"self":[{"href":"https:\/\/elinformante.mx\/index.php?rest_route=\/wp\/v2\/posts\/27532","targetHints":{"allow":["GET"]}}],"collection":[{"href":"https:\/\/elinformante.mx\/index.php?rest_route=\/wp\/v2\/posts"}],"about":[{"href":"https:\/\/elinformante.mx\/index.php?rest_route=\/wp\/v2\/types\/post"}],"author":[{"embeddable":true,"href":"https:\/\/elinformante.mx\/index.php?rest_route=\/wp\/v2\/users\/2"}],"replies":[{"embeddable":true,"href":"https:\/\/elinformante.mx\/index.php?rest_route=%2Fwp%2Fv2%2Fcomments&post=27532"}],"version-history":[{"count":0,"href":"https:\/\/elinformante.mx\/index.php?rest_route=\/wp\/v2\/posts\/27532\/revisions"}],"wp:featuredmedia":[{"embeddable":true,"href":"https:\/\/elinformante.mx\/index.php?rest_route=\/wp\/v2\/media\/27534"}],"wp:attachment":[{"href":"https:\/\/elinformante.mx\/index.php?rest_route=%2Fwp%2Fv2%2Fmedia&parent=27532"}],"wp:term":[{"taxonomy":"category","embeddable":true,"href":"https:\/\/elinformante.mx\/index.php?rest_route=%2Fwp%2Fv2%2Fcategories&post=27532"},{"taxonomy":"post_tag","embeddable":true,"href":"https:\/\/elinformante.mx\/index.php?rest_route=%2Fwp%2Fv2%2Ftags&post=27532"}],"curies":[{"name":"wp","href":"https:\/\/api.w.org\/{rel}","templated":true}]}}