{"id":27538,"date":"2023-05-30T12:52:02","date_gmt":"2023-05-30T12:52:02","guid":{"rendered":"https:\/\/elinformante.mx\/?p=27538"},"modified":"2023-05-30T12:52:03","modified_gmt":"2023-05-30T12:52:03","slug":"el-canal-ae-lleva-a-la-pantalla-secretos-del-apostol-del-mal","status":"publish","type":"post","link":"https:\/\/elinformante.mx\/?p=27538","title":{"rendered":"El canal A&#038;E lleva a la pantalla \u201cSecretos del Ap\u00f3stol del Mal\u201d"},"content":{"rendered":"\n<blockquote class=\"wp-block-quote is-layout-flow wp-block-quote-is-layout-flow\">\n<p>La serie mostrar\u00e1 testimonios de v\u00edctimas que fueron abusadas por la iglesia \u201cLa luz del mundo\u201d.<\/p>\n<\/blockquote>\n\n\n\n<p>El canal A&amp;E lleva a la pantalla \u201cSecretos del Ap\u00f3stol del Mal\u201d, una producci\u00f3n que expone la denuncia a tres generaciones de ap\u00f3stoles por delitos dentro de la Iglesia La Luz del Mundo, en Guadalajara, M\u00e9xico, y que profundiza en las acusaciones sobre su actual l\u00edder, Naas\u00f3n Joaqu\u00edn Garc\u00eda.<br><\/p>\n\n\n\n<p>La serie expone una investigaci\u00f3n a profundidad con testimonios de m\u00e1s de 25 testigos, entre periodistas y ex miembros del culto que revelan todas las oscuras pr\u00e1cticas detr\u00e1s de la Iglesia, y la declaraci\u00f3n de sobrevivientes que aseguran, entre otras denuncias, haber sido sexualmente abusadas por el l\u00edder llamado \u201cel Ap\u00f3stol de Jesucristo\u201d.<br><\/p>\n\n\n\n<p>\u201cTodo inicia por eliminar la trata y abuso sexual infantil y hay algo m\u00e1s grande tambi\u00e9n la delincuencia organizada con la base de utilizar al ser humano como un objeto, el tr\u00e1fico de personas y el c\u00f3mo fue comprobar esto, pues por los testigos, hay diferentes personas en esta conversaci\u00f3n que todos fueron v\u00edctimas, es lo que queremos que se de a conocer todo lo que vivimos, la injusticia que hubo en todos los casos\u201d, mencion\u00f3 Sharim Guzm\u00e1n durante una conferencia, quien fue una de las v\u00edctimas de esta secta.<br><\/p>\n\n\n\n<p>\u201cEl tema del racismo en la injusticia americana no fue justicia por los temas pol\u00edticos, la fiscal\u00eda que quiso tomar el caso no lo llevaron a temas federales, fue esta piedrita me hicieron a un lado me re victimizaron fue demasiado abuso a mi persona de tantas maneras, que de verdad no me voy a callar\u201d, a\u00f1adi\u00f3 Sochil Martin.<br><\/p>\n\n\n\n<p>La producci\u00f3n de cinco episodios de una hora presenta lo que se vivi\u00f3 y de la mano de periodistas, de ex integrantes de La Luz del Mundo y de v\u00edctimas que aseguran haber sido sexualmente abusadas por el l\u00edder llamado \u201cEl Ap\u00f3stol de Jesucristo\u201d dar\u00e1n a conocer lo terrible de este lugar. Los entrevistados exponen como de una comunidad que promueve \u201crespetar la igual dignidad de las personas, as\u00ed como sus derechos y libertades, y rechazando todo acto de discriminaci\u00f3n, imposici\u00f3n e intolerancia\u201d, se desprenden las violaciones, la corrupci\u00f3n, la manipulaci\u00f3n, expropiaci\u00f3n y abuso.<br><\/p>\n\n\n\n<p>\u201cCuando es la violaci\u00f3n de un extra\u00f1o hacia un menor es m\u00e1s alta la pena, que los actos que cometen los religiosos, la laguna mental que yo veo y seria bueno hacer propuestas de ley, es que dichos religiosos sean contemplados como tales, aqu\u00ed se est\u00e1 hablando de que el menor sufre m\u00e1s cuando es violentado por un l\u00edder religioso, est\u00e1 peor, porque el ni\u00f1o sufre m\u00e1s, por el acoso de propios padres, acoso de la comunidad, de la escuela, as\u00ed puedo numerar muchos casos\u201d, dijo Asael.<br><\/p>\n\n\n\n<p>\u201cPor eso insisto en que se deber\u00eda de hacer una propuesta de ley y empezar por que a los religiosos se les eleve el delito y que no sea un delito estatal y se considere federal, deben ser sentenciados como l\u00edderes religiosos y no del orden com\u00fan como fue sentenciado Nass\u00f3n , no por una mentira, aqu\u00ed estamos en un problema que como sociedad nos ata\u00f1e a todos\u201d, a\u00f1adi\u00f3 Asael quien tambi\u00e9n fue v\u00edctima .<br><\/p>\n\n\n\n<p>Se denuncian los hechos que comenzaron en los comienzos de la Luz del Mundo en manos de su fundador, el abuelo de Naas\u00f3n, Aar\u00f3n Joaqu\u00edn Gonz\u00e1lez; en el posterior mandato liderado por su hijo Samuel Joaqu\u00edn Flores, padre de Naas\u00f3n, Ap\u00f3stol de la Luz del mundo de 1964 a 2014 de quien aseguran que cometi\u00f3 m\u00faltiples abusos sin ser jam\u00e1s enjuiciado; y finalmente, en la \u00e9poca m\u00e1s actual, con Naas\u00f3n Joaqu\u00edn como l\u00edder.<br><\/p>\n\n\n\n<p>Mois\u00e9s Padilla, H\u00e9ctor Vera y Sergio Meza quienes fueron miembros de la Luz del Mundo, dieron a conocer que el pr\u00f3ximo 4 de junio se realizar\u00e1 una marcha pac\u00edfica con la idea de dar a conocer la problem\u00e1tica e injusticias que se viven en la Iglesia.<br><\/p>\n\n\n\n<p>\u201cNo me gusta la mentira, hablo desde lo que viv\u00ed, lo que experiment\u00e9 dentro de la secta, agradezco a todos los medios porque se est\u00e1 informando, queremos despertar a los dem\u00e1s, crear conciencia que esto pasa en Estados Unidos y el resto del mundo, as\u00ed que esta protesta es en contra de esta secta que ha hecho mucho da\u00f1o, dar\u00e9 la voz que no tuve en el a\u00f1o 1997, tenemos esta propuesta pac\u00edfica en Los \u00c1ngeles donde fue el epicentro del esc\u00e1ndalo, ahora somos miles, no somos lo 7 del 97, por eso gracias por darnos esta oportunidad, queremos hablarle a la conciencias y tambi\u00e9n se sumen a esta lucha\u201d, destac\u00f3 H\u00e9ctor Vera.<br><\/p>\n\n\n\n<p>\u201cEs muy duro, uno pierde la fe, uno cree que ya no quiere nada, uno deja de creer en todo, me da mucha tristeza saber que hay personas ah\u00ed de sesenta y setenta a\u00f1os que busca esos grupos y encuentra cierto refugio porque han tenido una vida dif\u00edcil, de adicciones y terminan peor aqu\u00ed, me ha servido comunicarme con todos estos hermanos, los acompa\u00f1o a todos, Dios es el que est\u00e1 con nosotros, as\u00ed que ayudemos\u201d, mencion\u00f3 Sergio entre l\u00e1grimas.<br><\/p>\n\n\n\n<p>A lo que en ese momento Elisa Flores quien tambi\u00e9n fue miembro mencion\u00f3: \u201cNo las quer\u00eda creer, no quer\u00eda creer en todo lo que pasaba y les digo yo lo vi, si es verdad\u201d, acentu\u00f3.<br><\/p>\n\n\n\n<p>La producci\u00f3n se estrenar\u00e1 el domingo 4 de junio a las 22:00 horas en M\u00e9xico, Argentina, Colombia y Chile.<\/p>\n","protected":false},"excerpt":{"rendered":"<p>La serie mostrar\u00e1 testimonios de v\u00edctimas que fueron abusadas por la iglesia \u201cLa luz del mundo\u201d. El canal A&amp;E lleva a la pantalla \u201cSecretos del Ap\u00f3stol del Mal\u201d, una producci\u00f3n que expone la denuncia a tres generaciones de ap\u00f3stoles por delitos dentro de la Iglesia La Luz del Mundo, en Guadalajara, M\u00e9xico, y que profundiza [&hellip;]<\/p>\n","protected":false},"author":1,"featured_media":27539,"comment_status":"closed","ping_status":"closed","sticky":false,"template":"","format":"standard","meta":{"footnotes":""},"categories":[39],"tags":[],"class_list":["post-27538","post","type-post","status-publish","format-standard","has-post-thumbnail","hentry","category-espectaculos"],"_links":{"self":[{"href":"https:\/\/elinformante.mx\/index.php?rest_route=\/wp\/v2\/posts\/27538","targetHints":{"allow":["GET"]}}],"collection":[{"href":"https:\/\/elinformante.mx\/index.php?rest_route=\/wp\/v2\/posts"}],"about":[{"href":"https:\/\/elinformante.mx\/index.php?rest_route=\/wp\/v2\/types\/post"}],"author":[{"embeddable":true,"href":"https:\/\/elinformante.mx\/index.php?rest_route=\/wp\/v2\/users\/1"}],"replies":[{"embeddable":true,"href":"https:\/\/elinformante.mx\/index.php?rest_route=%2Fwp%2Fv2%2Fcomments&post=27538"}],"version-history":[{"count":0,"href":"https:\/\/elinformante.mx\/index.php?rest_route=\/wp\/v2\/posts\/27538\/revisions"}],"wp:featuredmedia":[{"embeddable":true,"href":"https:\/\/elinformante.mx\/index.php?rest_route=\/wp\/v2\/media\/27539"}],"wp:attachment":[{"href":"https:\/\/elinformante.mx\/index.php?rest_route=%2Fwp%2Fv2%2Fmedia&parent=27538"}],"wp:term":[{"taxonomy":"category","embeddable":true,"href":"https:\/\/elinformante.mx\/index.php?rest_route=%2Fwp%2Fv2%2Fcategories&post=27538"},{"taxonomy":"post_tag","embeddable":true,"href":"https:\/\/elinformante.mx\/index.php?rest_route=%2Fwp%2Fv2%2Ftags&post=27538"}],"curies":[{"name":"wp","href":"https:\/\/api.w.org\/{rel}","templated":true}]}}