{"id":27554,"date":"2023-05-30T12:57:08","date_gmt":"2023-05-30T12:57:08","guid":{"rendered":"https:\/\/elinformante.mx\/?p=27554"},"modified":"2023-05-30T12:57:09","modified_gmt":"2023-05-30T12:57:09","slug":"dos-posibles-secuestradores-expres-fueron-detenidos","status":"publish","type":"post","link":"https:\/\/elinformante.mx\/?p=27554","title":{"rendered":"Dos posibles secuestradores expr\u00e9s fueron detenidos"},"content":{"rendered":"\n<blockquote class=\"wp-block-quote is-layout-flow wp-block-quote-is-layout-flow\">\n<p>Durante la intervenci\u00f3n liberaron a un joven, quien denunci\u00f3 que los sujetos lo retuvieron contra su voluntad.<\/p>\n<\/blockquote>\n\n\n\n<p>Resultado del trabajo interinstitucional, efectivos de la Secretar\u00eda de Seguridad (SS) y de la Polic\u00eda Municipal de San Felipe del Progreso, liberaron a un hombre quien al parecer fue privado de su libertad; en la intervenci\u00f3n, detuvieron a dos sujetos por su posible participaci\u00f3n en el delito de secuestro expr\u00e9s.<br><\/p>\n\n\n\n<p>Polic\u00edas de la SS realizaban despliegues operativos en coordinaci\u00f3n con polic\u00edas municipales sobre la carretera Villa Victoria &#8211; El Oro, a la altura del kil\u00f3metro 36+000, en la localidad Santa Cruz, cuando atendieron un reporte del Centro de Comando y Control (C2) municipal en el cual refer\u00edan que los tripulantes de un veh\u00edculo marca Chevrolet 300, color verde, sin placas de circulaci\u00f3n, aparentemente subieron contra su voluntad a una persona que viajaba en una motocicleta, color negro.<br><\/p>\n\n\n\n<p>Conforme al protocolo de actuaci\u00f3n, las fuerzas del orden implementaron un operativo de b\u00fasqueda y al pasar por una gasolinera ubicada sobre la misma vialidad, en la entrada a la localidad de San Isidro, en el municipio de San Jos\u00e9 del Rinc\u00f3n, detectaron la presencia de un autom\u00f3vil con caracter\u00edsticas similares a las descritas en la consigna y frente a el una moto como la referida en el alertamiento.<br><\/p>\n\n\n\n<p>Los integrantes de ambas corporaciones establecieron un per\u00edmetro de seguridad y al acercarse a los sujetos, estos adoptaron una actitud, inusual y evasiva, as\u00ed mismo intentaron darse a fuga sin lograr su cometido. Al cuestionar el por qu\u00e9 de su actuar, uno de ellos en forma intimidante respondi\u00f3 que no les importaba y que no sab\u00edan con qui\u00e9n se met\u00edan.<br><\/p>\n\n\n\n<p>En ese mismo instante un joven de aproximadamente 19 a\u00f1os de edad solicit\u00f3 auxilio tras denunciar que lo llevaban en contra de su voluntad bajo amenazas con una pistola. Al efectuar una inspecci\u00f3n, los oficiales encontraron en medio de los asientos delanteros de la unidad motriz un arma de fuego calibre 32 con cargador abastecido de varios cartuchos \u00fatiles. Ante el hallazgo detuvieron a Eugenio \u201cN\u201d y Arturo \u201cN\u201d de 56 y 41 a\u00f1os de edad, respectivamente, ambos originarios del estado de Michoac\u00e1n.<br><\/p>\n\n\n\n<p>Despu\u00e9s de hacer saber los derechos que la ley consagra, los detenidos as\u00ed como la v\u00edctima y el veh\u00edculo asegurado fueron presentados ante la Agencia del Ministerio P\u00fablico con sede en Atlacomulco, donde se inici\u00f3 la carpeta de investigaci\u00f3n a fin de determinar su situaci\u00f3n jur\u00eddica.<\/p>\n","protected":false},"excerpt":{"rendered":"<p>Durante la intervenci\u00f3n liberaron a un joven, quien denunci\u00f3 que los sujetos lo retuvieron contra su voluntad. Resultado del trabajo interinstitucional, efectivos de la Secretar\u00eda de Seguridad (SS) y de la Polic\u00eda Municipal de San Felipe del Progreso, liberaron a un hombre quien al parecer fue privado de su libertad; en la intervenci\u00f3n, detuvieron a [&hellip;]<\/p>\n","protected":false},"author":1,"featured_media":27555,"comment_status":"closed","ping_status":"closed","sticky":false,"template":"","format":"standard","meta":{"footnotes":""},"categories":[36,37],"tags":[],"class_list":["post-27554","post","type-post","status-publish","format-standard","has-post-thumbnail","hentry","category-edomex","category-justicia"],"_links":{"self":[{"href":"https:\/\/elinformante.mx\/index.php?rest_route=\/wp\/v2\/posts\/27554","targetHints":{"allow":["GET"]}}],"collection":[{"href":"https:\/\/elinformante.mx\/index.php?rest_route=\/wp\/v2\/posts"}],"about":[{"href":"https:\/\/elinformante.mx\/index.php?rest_route=\/wp\/v2\/types\/post"}],"author":[{"embeddable":true,"href":"https:\/\/elinformante.mx\/index.php?rest_route=\/wp\/v2\/users\/1"}],"replies":[{"embeddable":true,"href":"https:\/\/elinformante.mx\/index.php?rest_route=%2Fwp%2Fv2%2Fcomments&post=27554"}],"version-history":[{"count":0,"href":"https:\/\/elinformante.mx\/index.php?rest_route=\/wp\/v2\/posts\/27554\/revisions"}],"wp:featuredmedia":[{"embeddable":true,"href":"https:\/\/elinformante.mx\/index.php?rest_route=\/wp\/v2\/media\/27555"}],"wp:attachment":[{"href":"https:\/\/elinformante.mx\/index.php?rest_route=%2Fwp%2Fv2%2Fmedia&parent=27554"}],"wp:term":[{"taxonomy":"category","embeddable":true,"href":"https:\/\/elinformante.mx\/index.php?rest_route=%2Fwp%2Fv2%2Fcategories&post=27554"},{"taxonomy":"post_tag","embeddable":true,"href":"https:\/\/elinformante.mx\/index.php?rest_route=%2Fwp%2Fv2%2Ftags&post=27554"}],"curies":[{"name":"wp","href":"https:\/\/api.w.org\/{rel}","templated":true}]}}