{"id":27560,"date":"2023-05-30T12:59:04","date_gmt":"2023-05-30T12:59:04","guid":{"rendered":"https:\/\/elinformante.mx\/?p=27560"},"modified":"2023-05-30T12:59:04","modified_gmt":"2023-05-30T12:59:04","slug":"auto-utilizado-en-varios-robos-con-violencia-fue-asegurado","status":"publish","type":"post","link":"https:\/\/elinformante.mx\/?p=27560","title":{"rendered":"Auto utilizado en varios robos con violencia fue asegurado"},"content":{"rendered":"\n<blockquote class=\"wp-block-quote is-layout-flow wp-block-quote-is-layout-flow\">\n<p>La unidad motriz al parecer est\u00e1 relacionada en al menos cinco eventos.<\/p>\n<\/blockquote>\n\n\n\n<p>Derivado de una consigna operativa, elementos de la Secretar\u00eda de Seguridad (SS) localizaron un veh\u00edculo aparentemente relacionado en diversos robos con violencia de automotores; en la acci\u00f3n, detuvieron al conductor por su probable participaci\u00f3n en delitos contra la salud.<br><\/p>\n\n\n\n<p>Mediante el sistema de Arcos Carreteros, monitoristas de la SS del Centro de Control, Comando, Comunicaci\u00f3n, C\u00f3mputo y Calidad (C5) detectaron el cruce de un veh\u00edculo de la marca Dodge, tipo Atos, modelo 2008, color blanco, el cual al parecer est\u00e1 vinculado en al menos cinco eventos de despojos de unidades motrices. Ante el paso del objetivo, el C5 inform\u00f3 de inmediato a uniformados en campo acerca de su aparente posicionamiento, sobre la avenida John F. Kennedy, en la colonia Emiliano Zapata, Segunda Secci\u00f3n.<br><\/p>\n\n\n\n<figure class=\"wp-block-image size-large\"><img fetchpriority=\"high\" decoding=\"async\" width=\"1024\" height=\"503\" src=\"https:\/\/elinformante.mx\/wp-content\/uploads\/2023\/05\/auto-1024x503.jpg\" alt=\"\" class=\"wp-image-27562\" srcset=\"https:\/\/elinformante.mx\/wp-content\/uploads\/2023\/05\/auto-1024x503.jpg 1024w, https:\/\/elinformante.mx\/wp-content\/uploads\/2023\/05\/auto-300x147.jpg 300w, https:\/\/elinformante.mx\/wp-content\/uploads\/2023\/05\/auto-768x377.jpg 768w, https:\/\/elinformante.mx\/wp-content\/uploads\/2023\/05\/auto-580x285.jpg 580w, https:\/\/elinformante.mx\/wp-content\/uploads\/2023\/05\/auto-860x422.jpg 860w, https:\/\/elinformante.mx\/wp-content\/uploads\/2023\/05\/auto.jpg 1140w\" sizes=\"(max-width: 1024px) 100vw, 1024px\" \/><\/figure>\n\n\n\n<p>Efectivos adscritos a la Direcci\u00f3n General de Combate al Robo de Veh\u00edculos y Transporte (DGCRVyT) realizaban patrullajes de seguridad cuando atendieron la alerta, por lo que enseguida implementaron un operativo de b\u00fasqueda en la zona. Momentos m\u00e1s tarde, lograron observar un automotor con las mismas caracter\u00edsticas del referido en la consigna, de tal modo que por medio de comandos verbales marcaron el alto al conductor a fin de realizar una revisi\u00f3n de los datos de identificaci\u00f3n vehicular.<br><\/p>\n\n\n\n<p>Luego de cotejar la informaci\u00f3n con el Centro de Monitoreo estatal, confirmaron que se trataba del autom\u00f3vil mencionado en la consigna, as\u00ed mismo tras efectuar una revisi\u00f3n protocolaria encontraron al interior 10 bolsas de pl\u00e1stico que conten\u00edan una hierba verde y seca similar a la droga conocida como marihuana.<br><\/p>\n\n\n\n<p>Ante los hechos, los oficiales detuvieron a Jonathan \u201cN\u201d de 30 a\u00f1os de edad. Despu\u00e9s de hacer saber los derechos que la ley consagra, el individuo junto con lo decomisado fue presentado ante la Fiscal\u00eda Especializada en Delitos Cometidos Contra el Transporte con sede en Ecatepec, donde se inici\u00f3 la carpeta de investigaci\u00f3n a fin de determinar su situaci\u00f3n jur\u00eddica.<\/p>\n","protected":false},"excerpt":{"rendered":"<p>La unidad motriz al parecer est\u00e1 relacionada en al menos cinco eventos. Derivado de una consigna operativa, elementos de la Secretar\u00eda de Seguridad (SS) localizaron un veh\u00edculo aparentemente relacionado en diversos robos con violencia de automotores; en la acci\u00f3n, detuvieron al conductor por su probable participaci\u00f3n en delitos contra la salud. Mediante el sistema de [&hellip;]<\/p>\n","protected":false},"author":1,"featured_media":27561,"comment_status":"closed","ping_status":"closed","sticky":false,"template":"","format":"standard","meta":{"footnotes":""},"categories":[30,36,37],"tags":[],"class_list":["post-27560","post","type-post","status-publish","format-standard","has-post-thumbnail","hentry","category-destacado","category-edomex","category-justicia"],"_links":{"self":[{"href":"https:\/\/elinformante.mx\/index.php?rest_route=\/wp\/v2\/posts\/27560","targetHints":{"allow":["GET"]}}],"collection":[{"href":"https:\/\/elinformante.mx\/index.php?rest_route=\/wp\/v2\/posts"}],"about":[{"href":"https:\/\/elinformante.mx\/index.php?rest_route=\/wp\/v2\/types\/post"}],"author":[{"embeddable":true,"href":"https:\/\/elinformante.mx\/index.php?rest_route=\/wp\/v2\/users\/1"}],"replies":[{"embeddable":true,"href":"https:\/\/elinformante.mx\/index.php?rest_route=%2Fwp%2Fv2%2Fcomments&post=27560"}],"version-history":[{"count":0,"href":"https:\/\/elinformante.mx\/index.php?rest_route=\/wp\/v2\/posts\/27560\/revisions"}],"wp:featuredmedia":[{"embeddable":true,"href":"https:\/\/elinformante.mx\/index.php?rest_route=\/wp\/v2\/media\/27561"}],"wp:attachment":[{"href":"https:\/\/elinformante.mx\/index.php?rest_route=%2Fwp%2Fv2%2Fmedia&parent=27560"}],"wp:term":[{"taxonomy":"category","embeddable":true,"href":"https:\/\/elinformante.mx\/index.php?rest_route=%2Fwp%2Fv2%2Fcategories&post=27560"},{"taxonomy":"post_tag","embeddable":true,"href":"https:\/\/elinformante.mx\/index.php?rest_route=%2Fwp%2Fv2%2Ftags&post=27560"}],"curies":[{"name":"wp","href":"https:\/\/api.w.org\/{rel}","templated":true}]}}