{"id":27579,"date":"2023-05-30T13:15:31","date_gmt":"2023-05-30T13:15:31","guid":{"rendered":"https:\/\/elinformante.mx\/?p=27579"},"modified":"2023-05-30T13:15:32","modified_gmt":"2023-05-30T13:15:32","slug":"presenta-smsem-nuevo-monumento-al-maestro","status":"publish","type":"post","link":"https:\/\/elinformante.mx\/?p=27579","title":{"rendered":"Presenta SMSEM nuevo Monumento al Maestro"},"content":{"rendered":"\n<blockquote class=\"wp-block-quote is-layout-flow wp-block-quote-is-layout-flow\">\n<p>Es el nuevo punto de encuentro donde se rinde tributo a los destacados educadores de la regi\u00f3n.<\/p>\n<\/blockquote>\n\n\n\n<p>Durante la celebraci\u00f3n del D\u00eda del Maestro el pasado 15 de mayo, el l\u00edder del Sindicato de Maestros al Servicio del Estado de M\u00e9xico (SMSEM) revel\u00f3 la inauguraci\u00f3n del Monumento al Maestro, una creaci\u00f3n destinada a simbolizar la unidad y la identidad del gremio educativo estatal.<br><\/p>\n\n\n\n<p>Situado en la reci\u00e9n estrenada Plaza de la Unidad Sindical, esta obra se presenta como el nuevo punto de encuentro donde se rinde tributo a los destacados educadores de la regi\u00f3n, as\u00ed como a los pioneros de la solidaridad sindical, dentro del gremio magisterial m\u00e1s influyente del pa\u00eds.<br><\/p>\n\n\n\n<p>El Monumento al Maestro se compone de un faro que, seg\u00fan el Secretario General del SMSEM, representa \u201cla luz que surge del horizonte y tiene como objetivo orientar y guiar a las nuevas generaciones en su formaci\u00f3n, quienes, bajo la tutela acad\u00e9mica de las maestras y maestros, logran alcanzar la libertad\u201d.<br><\/p>\n\n\n\n<figure class=\"wp-block-image size-large\"><img fetchpriority=\"high\" decoding=\"async\" width=\"1024\" height=\"503\" src=\"https:\/\/elinformante.mx\/wp-content\/uploads\/2023\/05\/presentan-2-1-1024x503.jpg\" alt=\"\" class=\"wp-image-27581\" srcset=\"https:\/\/elinformante.mx\/wp-content\/uploads\/2023\/05\/presentan-2-1-1024x503.jpg 1024w, https:\/\/elinformante.mx\/wp-content\/uploads\/2023\/05\/presentan-2-1-300x147.jpg 300w, https:\/\/elinformante.mx\/wp-content\/uploads\/2023\/05\/presentan-2-1-768x377.jpg 768w, https:\/\/elinformante.mx\/wp-content\/uploads\/2023\/05\/presentan-2-1-580x285.jpg 580w, https:\/\/elinformante.mx\/wp-content\/uploads\/2023\/05\/presentan-2-1-860x422.jpg 860w, https:\/\/elinformante.mx\/wp-content\/uploads\/2023\/05\/presentan-2-1.jpg 1140w\" sizes=\"(max-width: 1024px) 100vw, 1024px\" \/><\/figure>\n\n\n\n<p>Bajo la luz del faro, destaca la figura emblem\u00e1tica de la Diosa Minerva, s\u00edmbolo ancestral que el magisterio mexiquense elige para inspirar a los j\u00f3venes estudiantes de las escuelas normales.<br><\/p>\n\n\n\n<p>La monumental estructura tambi\u00e9n incorpora la representaci\u00f3n de un maestro que, como todos los docentes en las aulas, se\u00f1ala el camino a seguir, as\u00ed como un grupo de estudiantes de diferentes edades, simbolizando los distintos niveles educativos, hasta llegar al estudiante que recibe su birrete de graduaci\u00f3n, en una clara muestra del principal objetivo de las maestras y maestros del sistema educativo estatal.<br><\/p>\n\n\n\n<p>Cada uno de los alumnos del monumento, as\u00ed como el profesor, sostiene un libro en sus manos, donde se encuentran diversas frases, tales como: \u201cLa escuela es un faro de luz que gu\u00eda los pasos de las nuevas generaciones hacia la libertad\u201d o \u201cEn las aulas, he logrado construir alas para volar\u201d.<br><\/p>\n\n\n\n<p>Con esta imponente obra, el SMSEM busca reforzar el sentido de pertenencia entre sus afiliados. Adem\u00e1s, el Monumento al Maestro pasa a formar parte del patrimonio de la organizaci\u00f3n sindical, proporcion\u00e1ndoles un espacio propio para llevar a cabo ceremonias c\u00edvicas y conmemorar fechas importantes para los docentes.<\/p>\n","protected":false},"excerpt":{"rendered":"<p>Es el nuevo punto de encuentro donde se rinde tributo a los destacados educadores de la regi\u00f3n. Durante la celebraci\u00f3n del D\u00eda del Maestro el pasado 15 de mayo, el l\u00edder del Sindicato de Maestros al Servicio del Estado de M\u00e9xico (SMSEM) revel\u00f3 la inauguraci\u00f3n del Monumento al Maestro, una creaci\u00f3n destinada a simbolizar la [&hellip;]<\/p>\n","protected":false},"author":1,"featured_media":27580,"comment_status":"closed","ping_status":"closed","sticky":false,"template":"","format":"standard","meta":{"footnotes":""},"categories":[30,36],"tags":[],"class_list":["post-27579","post","type-post","status-publish","format-standard","has-post-thumbnail","hentry","category-destacado","category-edomex"],"_links":{"self":[{"href":"https:\/\/elinformante.mx\/index.php?rest_route=\/wp\/v2\/posts\/27579","targetHints":{"allow":["GET"]}}],"collection":[{"href":"https:\/\/elinformante.mx\/index.php?rest_route=\/wp\/v2\/posts"}],"about":[{"href":"https:\/\/elinformante.mx\/index.php?rest_route=\/wp\/v2\/types\/post"}],"author":[{"embeddable":true,"href":"https:\/\/elinformante.mx\/index.php?rest_route=\/wp\/v2\/users\/1"}],"replies":[{"embeddable":true,"href":"https:\/\/elinformante.mx\/index.php?rest_route=%2Fwp%2Fv2%2Fcomments&post=27579"}],"version-history":[{"count":0,"href":"https:\/\/elinformante.mx\/index.php?rest_route=\/wp\/v2\/posts\/27579\/revisions"}],"wp:featuredmedia":[{"embeddable":true,"href":"https:\/\/elinformante.mx\/index.php?rest_route=\/wp\/v2\/media\/27580"}],"wp:attachment":[{"href":"https:\/\/elinformante.mx\/index.php?rest_route=%2Fwp%2Fv2%2Fmedia&parent=27579"}],"wp:term":[{"taxonomy":"category","embeddable":true,"href":"https:\/\/elinformante.mx\/index.php?rest_route=%2Fwp%2Fv2%2Fcategories&post=27579"},{"taxonomy":"post_tag","embeddable":true,"href":"https:\/\/elinformante.mx\/index.php?rest_route=%2Fwp%2Fv2%2Ftags&post=27579"}],"curies":[{"name":"wp","href":"https:\/\/api.w.org\/{rel}","templated":true}]}}