{"id":27591,"date":"2023-05-30T13:24:10","date_gmt":"2023-05-30T13:24:10","guid":{"rendered":"https:\/\/elinformante.mx\/?p=27591"},"modified":"2023-05-30T13:24:11","modified_gmt":"2023-05-30T13:24:11","slug":"declaran-en-sesion-permanente-la-mesa-electoral-del-edomex","status":"publish","type":"post","link":"https:\/\/elinformante.mx\/?p=27591","title":{"rendered":"Declaran en Sesi\u00f3n Permanente la Mesa Electoral del Edom\u00e9x"},"content":{"rendered":"\n<blockquote class=\"wp-block-quote is-layout-flow wp-block-quote-is-layout-flow\">\n<p>La reuni\u00f3n se sostuvo en Palacio de Gobierno y estuvo encabezada por el mandatario mexiquense Alfredo del Mazo Maza, en ella estuvieron presentes el secretario general de Gobierno, Luis Felipe Puente Espinosa; el secretario de Seguridad, Rodrigo Mart\u00ednez-Celis; el Fiscal General de Justicia del Estado, Jos\u00e9 Luis Cervantes Mart\u00ednez; y autoridades del Ej\u00e9rcito Mexicano y la Guardia Nacional.<\/p>\n<\/blockquote>\n\n\n\n<p>Las autoridades del gobierno del Estado de M\u00e9xico, electorales y de seguridad, sostuvieron un encuentro la ma\u00f1ana de este lunes, en la cual se declar\u00f3 en sesi\u00f3n permanente la mesa electoral ante los pr\u00f3ximos comicios a efectuarse el 4 de junio.<br><\/p>\n\n\n\n<p>El objetivo de lo anterior es que de manera constante mantengan un trabajo de coordinaci\u00f3n y puedan compartir informaci\u00f3n sobre el desarrollo del Proceso Electoral en v\u00edsperas de la Jornada Electoral, a fin de garantizar seguridad y confianza a los electores.<br><\/p>\n\n\n\n<p>La reuni\u00f3n se sostuvo en Palacio de Gobierno y estuvo encabezada por el mandatario mexiquense Alfredo del Mazo Maza, en ella estuvieron presentes el secretario general de Gobierno, Luis Felipe Puente Espinosa; el secretario de Seguridad, Rodrigo Mart\u00ednez-Celis; el Fiscal General de Justicia del Estado, Jos\u00e9 Luis Cervantes Mart\u00ednez; y autoridades del Ej\u00e9rcito Mexicano y la Guardia Nacional.<br><\/p>\n\n\n\n<figure class=\"wp-block-image size-large\"><img fetchpriority=\"high\" decoding=\"async\" width=\"1024\" height=\"503\" src=\"https:\/\/elinformante.mx\/wp-content\/uploads\/2023\/05\/declaran-2-1024x503.jpg\" alt=\"\" class=\"wp-image-27593\" srcset=\"https:\/\/elinformante.mx\/wp-content\/uploads\/2023\/05\/declaran-2-1024x503.jpg 1024w, https:\/\/elinformante.mx\/wp-content\/uploads\/2023\/05\/declaran-2-300x147.jpg 300w, https:\/\/elinformante.mx\/wp-content\/uploads\/2023\/05\/declaran-2-768x377.jpg 768w, https:\/\/elinformante.mx\/wp-content\/uploads\/2023\/05\/declaran-2-580x285.jpg 580w, https:\/\/elinformante.mx\/wp-content\/uploads\/2023\/05\/declaran-2-860x422.jpg 860w, https:\/\/elinformante.mx\/wp-content\/uploads\/2023\/05\/declaran-2.jpg 1140w\" sizes=\"(max-width: 1024px) 100vw, 1024px\" \/><\/figure>\n\n\n\n<p>Tambi\u00e9n particip\u00f3 el vocal ejecutivo del Instituto Nacional Electoral en la entidad, Joaqu\u00edn Rubio S\u00e1nchez; y la consejera presidenta del Instituto Electoral del Estado de M\u00e9xico, Amalia Pulido G\u00f3mez; entre otros.<br><\/p>\n\n\n\n<p>\u201cDeclaramos en sesi\u00f3n permanente la mesa electoral a la que asisten autoridades federales y estatales, la @SEDENAmx, el Vocal Ejecutivo del @INEedomex, Joaqu\u00edn Rubio @Rusaj1012 y la Consejera Presidenta del @IEEM_MX, @pulido_amalia\u201d, fue el mensaje que difundi\u00f3 el mandatario en redes sociales.<br><\/p>\n\n\n\n<p>Al respecto, el vocal del INE, Joaqu\u00edn Rubio reconoci\u00f3 el trabajo eficaz implementado por el gobierno estatal y las autoridades de seguridad, pues asegur\u00f3 que ha sido el proceso electoral con menos incidencia delictiva, pues s\u00f3lo han tenido 132 incidentes en contra de su personal en campo (Capacitadores Asistentes Electorales y Supervisores Electorales).<br><\/p>\n\n\n\n<p>El despliegue de seguridad con motivo de la jornada electoral, explic\u00f3 que inici\u00f3 este lunes y se reforzar\u00e1 el pr\u00f3ximo s\u00e1bado a las 17:00 horas, manteni\u00e9ndose una vigilancia intensa hasta que concluyan los c\u00f3mputos electorales.<\/p>\n","protected":false},"excerpt":{"rendered":"<p>La reuni\u00f3n se sostuvo en Palacio de Gobierno y estuvo encabezada por el mandatario mexiquense Alfredo del Mazo Maza, en ella estuvieron presentes el secretario general de Gobierno, Luis Felipe Puente Espinosa; el secretario de Seguridad, Rodrigo Mart\u00ednez-Celis; el Fiscal General de Justicia del Estado, Jos\u00e9 Luis Cervantes Mart\u00ednez; y autoridades del Ej\u00e9rcito Mexicano y [&hellip;]<\/p>\n","protected":false},"author":1,"featured_media":27592,"comment_status":"closed","ping_status":"closed","sticky":false,"template":"","format":"standard","meta":{"footnotes":""},"categories":[30,36],"tags":[],"class_list":["post-27591","post","type-post","status-publish","format-standard","has-post-thumbnail","hentry","category-destacado","category-edomex"],"_links":{"self":[{"href":"https:\/\/elinformante.mx\/index.php?rest_route=\/wp\/v2\/posts\/27591","targetHints":{"allow":["GET"]}}],"collection":[{"href":"https:\/\/elinformante.mx\/index.php?rest_route=\/wp\/v2\/posts"}],"about":[{"href":"https:\/\/elinformante.mx\/index.php?rest_route=\/wp\/v2\/types\/post"}],"author":[{"embeddable":true,"href":"https:\/\/elinformante.mx\/index.php?rest_route=\/wp\/v2\/users\/1"}],"replies":[{"embeddable":true,"href":"https:\/\/elinformante.mx\/index.php?rest_route=%2Fwp%2Fv2%2Fcomments&post=27591"}],"version-history":[{"count":0,"href":"https:\/\/elinformante.mx\/index.php?rest_route=\/wp\/v2\/posts\/27591\/revisions"}],"wp:featuredmedia":[{"embeddable":true,"href":"https:\/\/elinformante.mx\/index.php?rest_route=\/wp\/v2\/media\/27592"}],"wp:attachment":[{"href":"https:\/\/elinformante.mx\/index.php?rest_route=%2Fwp%2Fv2%2Fmedia&parent=27591"}],"wp:term":[{"taxonomy":"category","embeddable":true,"href":"https:\/\/elinformante.mx\/index.php?rest_route=%2Fwp%2Fv2%2Fcategories&post=27591"},{"taxonomy":"post_tag","embeddable":true,"href":"https:\/\/elinformante.mx\/index.php?rest_route=%2Fwp%2Fv2%2Ftags&post=27591"}],"curies":[{"name":"wp","href":"https:\/\/api.w.org\/{rel}","templated":true}]}}