{"id":27604,"date":"2023-05-30T13:33:53","date_gmt":"2023-05-30T13:33:53","guid":{"rendered":"https:\/\/elinformante.mx\/?p=27604"},"modified":"2023-05-30T13:33:54","modified_gmt":"2023-05-30T13:33:54","slug":"de-ninguna-manera-vamos-a-quitar-obligatoriedad-del-preescolar-sheinbaum","status":"publish","type":"post","link":"https:\/\/elinformante.mx\/?p=27604","title":{"rendered":"\u201cDe ninguna manera vamos a quitar obligatoriedad del preescolar\u201d: Sheinbaum"},"content":{"rendered":"\n<blockquote class=\"wp-block-quote is-layout-flow wp-block-quote-is-layout-flow\">\n<p>La mandataria capitalina asegur\u00f3 que iban a revisar el documento pues es algo que est\u00e1 plasmado en la Constituci\u00f3n.<\/p>\n<\/blockquote>\n\n\n\n<p>Luego que el Congreso local aprob\u00f3 modificaci\u00f3n a la Ley de Educaci\u00f3n, entre las que destaca retirar la obligatoriedad del preescolar, la jefa de Gobierno, Claudia Sheinbaum, dijo que van a revisar el documento, y que de ninguna manera van a retirarlo ya que se encuentra en la Constituci\u00f3n.<br><\/p>\n\n\n\n<p>\u201cRevisamos la redacci\u00f3n, pero de ninguna manera, si es que dice algo (el dictamen aprobado), de ninguna manera vamos a estar quitando la obligatoriedad (en preescolar)\u201d, asegur\u00f3 en conferencia de prensa.<br><\/p>\n\n\n\n<p>Sheinbaum destac\u00f3 que, la obligatoriedad del preescolar est\u00e1 plasmado en el art\u00edculo 3 Constitucional por lo que no hay ning\u00fan cambio, pero lo que se est\u00e1 incorporando es la educaci\u00f3n inicial, pero que esto es desde la primera reforma que se hizo a esta ley.<br><\/p>\n\n\n\n<figure class=\"wp-block-image size-large\"><img fetchpriority=\"high\" decoding=\"async\" width=\"1024\" height=\"503\" src=\"https:\/\/elinformante.mx\/wp-content\/uploads\/2023\/05\/DE-NINGUNA-2-1024x503.jpg\" alt=\"\" class=\"wp-image-27606\" srcset=\"https:\/\/elinformante.mx\/wp-content\/uploads\/2023\/05\/DE-NINGUNA-2-1024x503.jpg 1024w, https:\/\/elinformante.mx\/wp-content\/uploads\/2023\/05\/DE-NINGUNA-2-300x147.jpg 300w, https:\/\/elinformante.mx\/wp-content\/uploads\/2023\/05\/DE-NINGUNA-2-768x377.jpg 768w, https:\/\/elinformante.mx\/wp-content\/uploads\/2023\/05\/DE-NINGUNA-2-580x285.jpg 580w, https:\/\/elinformante.mx\/wp-content\/uploads\/2023\/05\/DE-NINGUNA-2-860x422.jpg 860w, https:\/\/elinformante.mx\/wp-content\/uploads\/2023\/05\/DE-NINGUNA-2.jpg 1140w\" sizes=\"(max-width: 1024px) 100vw, 1024px\" \/><\/figure>\n\n\n\n<p>\u201cLa educaci\u00f3n inicial se ve como guarder\u00edas, estancias infantiles que es previ\u00f3 al preescolar y es hasta los cuatro a\u00f1os, de acuerdo a la interpretaci\u00f3n que hagan los pedagogos, nosotros como vemos la guarder\u00eda no es \u201cguardar\u201d a los ni\u00f1os en alg\u00fan lugar o estancias infantiles para que est\u00e9n en un lugar sino lo vemos como un proceso educativo para la primer infancia (\u2026) La parte de la no obligatoriedad queda igual que la Constituci\u00f3n\u201d, indic\u00f3.<br><\/p>\n\n\n\n<p>Cabe mencionar que, adem\u00e1s el pleno del Congreso capitalino aprob\u00f3 establecer el uso del uniforme neutro dentro de los planteles educativos, dar el car\u00e1cter de Universidad al Instituto Rosario Castellanos; constituir la Universidad de la Salud; crear la Comisi\u00f3n Estatal para la Planeaci\u00f3n de la Educaci\u00f3n Superior e incorporar los PILARES al Subsistema de Educaci\u00f3n Comunitaria.<br><\/p>\n\n\n\n<p>La Ley de Educaci\u00f3n actual se\u00f1ala que la educaci\u00f3n primaria tiene como antecedente obligatorio la educaci\u00f3n preescolar y comprende seis grados; pero lo aprobado por los legisladores el jueves establece \u00fanicamente que la educaci\u00f3n primaria comprende seis grados y es esencialmente formativa y contribuir\u00e1 al desarrollo arm\u00f3nico e integral de los educandos, es decir, que sea elimina el termino de obligatoriedad del k\u00ednder como antecedente para entrar a primaria.<\/p>\n","protected":false},"excerpt":{"rendered":"<p>La mandataria capitalina asegur\u00f3 que iban a revisar el documento pues es algo que est\u00e1 plasmado en la Constituci\u00f3n. Luego que el Congreso local aprob\u00f3 modificaci\u00f3n a la Ley de Educaci\u00f3n, entre las que destaca retirar la obligatoriedad del preescolar, la jefa de Gobierno, Claudia Sheinbaum, dijo que van a revisar el documento, y que [&hellip;]<\/p>\n","protected":false},"author":1,"featured_media":27605,"comment_status":"closed","ping_status":"closed","sticky":false,"template":"","format":"standard","meta":{"footnotes":""},"categories":[35,30],"tags":[],"class_list":["post-27604","post","type-post","status-publish","format-standard","has-post-thumbnail","hentry","category-cdmx","category-destacado"],"_links":{"self":[{"href":"https:\/\/elinformante.mx\/index.php?rest_route=\/wp\/v2\/posts\/27604","targetHints":{"allow":["GET"]}}],"collection":[{"href":"https:\/\/elinformante.mx\/index.php?rest_route=\/wp\/v2\/posts"}],"about":[{"href":"https:\/\/elinformante.mx\/index.php?rest_route=\/wp\/v2\/types\/post"}],"author":[{"embeddable":true,"href":"https:\/\/elinformante.mx\/index.php?rest_route=\/wp\/v2\/users\/1"}],"replies":[{"embeddable":true,"href":"https:\/\/elinformante.mx\/index.php?rest_route=%2Fwp%2Fv2%2Fcomments&post=27604"}],"version-history":[{"count":0,"href":"https:\/\/elinformante.mx\/index.php?rest_route=\/wp\/v2\/posts\/27604\/revisions"}],"wp:featuredmedia":[{"embeddable":true,"href":"https:\/\/elinformante.mx\/index.php?rest_route=\/wp\/v2\/media\/27605"}],"wp:attachment":[{"href":"https:\/\/elinformante.mx\/index.php?rest_route=%2Fwp%2Fv2%2Fmedia&parent=27604"}],"wp:term":[{"taxonomy":"category","embeddable":true,"href":"https:\/\/elinformante.mx\/index.php?rest_route=%2Fwp%2Fv2%2Fcategories&post=27604"},{"taxonomy":"post_tag","embeddable":true,"href":"https:\/\/elinformante.mx\/index.php?rest_route=%2Fwp%2Fv2%2Ftags&post=27604"}],"curies":[{"name":"wp","href":"https:\/\/api.w.org\/{rel}","templated":true}]}}