{"id":27614,"date":"2023-05-30T13:41:25","date_gmt":"2023-05-30T13:41:25","guid":{"rendered":"https:\/\/elinformante.mx\/?p=27614"},"modified":"2023-05-30T13:41:26","modified_gmt":"2023-05-30T13:41:26","slug":"se-ubica-nayarit-como-el-tercer-estado-del-pais-con-menos-discriminacion","status":"publish","type":"post","link":"https:\/\/elinformante.mx\/?p=27614","title":{"rendered":"Se ubica Nayarit como el tercer estado del pa\u00eds con menos discriminaci\u00f3n"},"content":{"rendered":"\n<blockquote class=\"wp-block-quote is-layout-flow wp-block-quote-is-layout-flow\">\n<p>Pese al incremento en cifras absolutas, la entidad se ubica como el tercer lugar nacional con menos discriminaci\u00f3n en personas mayores de 18 a\u00f1os de edad.<\/p>\n<\/blockquote>\n\n\n\n<p>La discriminaci\u00f3n en Nayarit se ha vuelto m\u00e1s visible en los \u00faltimos cinco a\u00f1os, lo confirm\u00f3 el Instituto Nacional de Estad\u00edstica y Geograf\u00eda (INEGI) en su Encuesta Nacional sobre Discriminaci\u00f3n (ENADIS) 2022, en la cual se report\u00f3 un incremento del 36.6 por ciento en casos de discriminaci\u00f3n registrados del 2017 al 2022.<br><\/p>\n\n\n\n<p>A pesar de este aumento estad\u00edstico, el trabajo realizado por el INEGI en colaboraci\u00f3n con el Consejo Nacional para Prevenir la Discriminaci\u00f3n y la Comisi\u00f3n Nacional de los Derechos Humanos, ubica a Nayarit como el tercer lugar nacional con menos discriminaci\u00f3n en personas mayores de 18 a\u00f1os de edad.<br><\/p>\n\n\n\n<p>Por lo que este incremento, lejos de lucir alarmante, parece ser consecuencia de un cambio de mentalidad en la sociedad nayarita, que se muestra m\u00e1s consciente de los tipos de discriminaci\u00f3n, se atreve a denunciar m\u00e1s e incluso se muestra m\u00e1s progresista que el promedio nacional, en temas que hasta hace algunos a\u00f1os eran considerados como tab\u00fa.<br><\/p>\n\n\n\n<p>Prueba de ello es que casi 3 de cada 4 nayaritas (74 por ciento) est\u00e1n de acuerdo con el el matrimonio entre parejas del mismo sexo, cifra que supera ampliamente la media nacional de 65.3. Adem\u00e1s de que el 63.2 por ciento est\u00e1 a favor de que las parejas del mismo sexo puedan adoptar, lo cual supera al 54.4 por ciento que presenta el promedio nacional.<br><\/p>\n\n\n\n<p>En Nayarit, desde diciembre de 2015, el Congreso del Estado aprob\u00f3 un paquete de reformas para permitir la uni\u00f3n de parejas del mismo sexo. Por otro lado, la ley nayarita nunca ha negado a las parejas homoparentales el poder adoptar, siempre y cuando cumplan con los requisitos que han impuesto las autoridades competentes.<br><\/p>\n\n\n\n<p>La ENADIS tambi\u00e9n destaca, que el 79 por ciento de los nayaritas se han mostrado a favor de las acciones afirmativas del Instituto Nacional Electoral, que permiten reservar espacios de elecci\u00f3n popular para que sean ocupados por ind\u00edgenas o afromexicanos. Lo cual tambi\u00e9n se encuentra por encima de la media nacional que se ubica en 75.4 por ciento.<br><\/p>\n\n\n\n<p>ENADIS revela que por lo menos en discurso, algunas costumbres machistas comienzan a reducirse. Seg\u00fan la encuesta, el 87 por ciento de los nayaritas cree que existen los mismos derechos laborales para decidir si el hombre o la mujer se queda en casa con los hijos reci\u00e9n nacidos. La media nacional de este cuestionamiento se ubica en 80.7 por ciento.<\/p>\n","protected":false},"excerpt":{"rendered":"<p>Pese al incremento en cifras absolutas, la entidad se ubica como el tercer lugar nacional con menos discriminaci\u00f3n en personas mayores de 18 a\u00f1os de edad. La discriminaci\u00f3n en Nayarit se ha vuelto m\u00e1s visible en los \u00faltimos cinco a\u00f1os, lo confirm\u00f3 el Instituto Nacional de Estad\u00edstica y Geograf\u00eda (INEGI) en su Encuesta Nacional sobre [&hellip;]<\/p>\n","protected":false},"author":1,"featured_media":27615,"comment_status":"closed","ping_status":"closed","sticky":false,"template":"","format":"standard","meta":{"footnotes":""},"categories":[30,34],"tags":[],"class_list":["post-27614","post","type-post","status-publish","format-standard","has-post-thumbnail","hentry","category-destacado","category-nacional"],"_links":{"self":[{"href":"https:\/\/elinformante.mx\/index.php?rest_route=\/wp\/v2\/posts\/27614","targetHints":{"allow":["GET"]}}],"collection":[{"href":"https:\/\/elinformante.mx\/index.php?rest_route=\/wp\/v2\/posts"}],"about":[{"href":"https:\/\/elinformante.mx\/index.php?rest_route=\/wp\/v2\/types\/post"}],"author":[{"embeddable":true,"href":"https:\/\/elinformante.mx\/index.php?rest_route=\/wp\/v2\/users\/1"}],"replies":[{"embeddable":true,"href":"https:\/\/elinformante.mx\/index.php?rest_route=%2Fwp%2Fv2%2Fcomments&post=27614"}],"version-history":[{"count":0,"href":"https:\/\/elinformante.mx\/index.php?rest_route=\/wp\/v2\/posts\/27614\/revisions"}],"wp:featuredmedia":[{"embeddable":true,"href":"https:\/\/elinformante.mx\/index.php?rest_route=\/wp\/v2\/media\/27615"}],"wp:attachment":[{"href":"https:\/\/elinformante.mx\/index.php?rest_route=%2Fwp%2Fv2%2Fmedia&parent=27614"}],"wp:term":[{"taxonomy":"category","embeddable":true,"href":"https:\/\/elinformante.mx\/index.php?rest_route=%2Fwp%2Fv2%2Fcategories&post=27614"},{"taxonomy":"post_tag","embeddable":true,"href":"https:\/\/elinformante.mx\/index.php?rest_route=%2Fwp%2Fv2%2Ftags&post=27614"}],"curies":[{"name":"wp","href":"https:\/\/api.w.org\/{rel}","templated":true}]}}