{"id":27637,"date":"2023-05-30T13:54:27","date_gmt":"2023-05-30T13:54:27","guid":{"rendered":"https:\/\/elinformante.mx\/?p=27637"},"modified":"2023-05-30T13:54:27","modified_gmt":"2023-05-30T13:54:27","slug":"ebrard-propone-a-corcholatas-de-morena-renunciar-para-aparecer-en-encuesta","status":"publish","type":"post","link":"https:\/\/elinformante.mx\/?p=27637","title":{"rendered":"EBRARD PROPONE A \u201cCORCHOLATAS\u201d DE MORENA RENUNCIAR PARA APARECER EN ENCUESTA"},"content":{"rendered":"\n<blockquote class=\"wp-block-quote is-layout-flow wp-block-quote-is-layout-flow\">\n<p>Marcelo Ebrard explic\u00f3 que presentar\u00e1 una metodolog\u00eda para aparecer en la encuesta entre \u2018corcholatas\u2019 de Morena y anticip\u00f3 que uno de los requisitos que propondr\u00e1 ser\u00e1 renunciar al cargo.<\/p>\n<\/blockquote>\n\n\n\n<p>El secretario de Relaciones Exteriores, Marcelo Ebrard, adelant\u00f3 este lunes 29 de mayo una de sus propuestas para aparecer en la encuesta que definir\u00e1 qui\u00e9n ser\u00e1 el pr\u00f3ximo candidato (a) presidencial de Morena.<br><\/p>\n\n\n\n<p>El canciller mexicano explic\u00f3 que el pr\u00f3ximo lunes 5 de junio presentar\u00e1 una metodolog\u00eda para aparecer en la encuesta entre \u2018corcholatas\u2019 de Morena y anticip\u00f3 que uno de los requisitos que propondr\u00e1 ser\u00e1 renunciar al cargo.<br><\/p>\n\n\n\n<p>\u201cRenuncias, recorres, planteas\u2026 estoy planteando un debate de qu\u00e9 piensa cada quien de lo que sigue\u201d, dijo.<br><\/p>\n\n\n\n<figure class=\"wp-block-image size-large\"><img fetchpriority=\"high\" decoding=\"async\" width=\"1024\" height=\"503\" src=\"https:\/\/elinformante.mx\/wp-content\/uploads\/2023\/05\/ebrard-2-1024x503.jpg\" alt=\"\" class=\"wp-image-27639\" srcset=\"https:\/\/elinformante.mx\/wp-content\/uploads\/2023\/05\/ebrard-2-1024x503.jpg 1024w, https:\/\/elinformante.mx\/wp-content\/uploads\/2023\/05\/ebrard-2-300x147.jpg 300w, https:\/\/elinformante.mx\/wp-content\/uploads\/2023\/05\/ebrard-2-768x377.jpg 768w, https:\/\/elinformante.mx\/wp-content\/uploads\/2023\/05\/ebrard-2-580x285.jpg 580w, https:\/\/elinformante.mx\/wp-content\/uploads\/2023\/05\/ebrard-2-860x422.jpg 860w, https:\/\/elinformante.mx\/wp-content\/uploads\/2023\/05\/ebrard-2.jpg 1140w\" sizes=\"(max-width: 1024px) 100vw, 1024px\" \/><\/figure>\n\n\n\n<p>Ebrard explic\u00f3 que ocupar un cargo p\u00fablico da ventaja sobre otro contrincante, por ello, lo mejor es renunciar: \u201dEso da una ventaja muy importante sobre mi contrincante\u2026 entonces me parece muy sensato renunciar por esa raz\u00f3n, porque de otro modo tienes una ventaja muy grande\u201d.<br><\/p>\n\n\n\n<p>Incluso, record\u00f3 que cuando iba a ser Jefe de Gobierno, decidi\u00f3 renunciar por esta raz\u00f3n y recalc\u00f3 que uno de sus prop\u00f3sitos es que exista equidad en la contienda.<br><\/p>\n\n\n\n<p>\u201cSi vamos a estar en la encuesta, no s\u00e9 si 5 o m\u00e1s personas, con diferentes cargos, los cargos que representamos nos dan cierta ventaja en la contienda por la encuesta porque tienes acceso a muchas actividades institucionales y quien compita a lo mejor no los tiene, tiene un prop\u00f3sito de equidad la contienda\u201d, sostuvo.<br><\/p>\n\n\n\n<figure class=\"wp-block-image size-large\"><img decoding=\"async\" width=\"1024\" height=\"503\" src=\"https:\/\/elinformante.mx\/wp-content\/uploads\/2023\/05\/ebrard-3-1024x503.jpg\" alt=\"\" class=\"wp-image-27640\" srcset=\"https:\/\/elinformante.mx\/wp-content\/uploads\/2023\/05\/ebrard-3-1024x503.jpg 1024w, https:\/\/elinformante.mx\/wp-content\/uploads\/2023\/05\/ebrard-3-300x147.jpg 300w, https:\/\/elinformante.mx\/wp-content\/uploads\/2023\/05\/ebrard-3-768x377.jpg 768w, https:\/\/elinformante.mx\/wp-content\/uploads\/2023\/05\/ebrard-3-580x285.jpg 580w, https:\/\/elinformante.mx\/wp-content\/uploads\/2023\/05\/ebrard-3-860x422.jpg 860w, https:\/\/elinformante.mx\/wp-content\/uploads\/2023\/05\/ebrard-3.jpg 1140w\" sizes=\"(max-width: 1024px) 100vw, 1024px\" \/><\/figure>\n\n\n\n<p>Hace unos d\u00edas, el titular de la SRE solicit\u00f3 a Morena que defina el m\u00e9todo de selecci\u00f3n a la brevedad, con el objetivo de que las y los interesados en participar se separen de sus cargos y se dediquen a buscar la nominaci\u00f3n.<br><\/p>\n\n\n\n<p>Adem\u00e1s, Marcelo Ebrard asegur\u00f3 que se ha dado a la tarea de buscar la mejor manera para que Morena tenga candidato sin que se rompa la unidad.<br><\/p>\n\n\n\n<p>\u201cHe estado pensando c\u00f3mo resolver para que nuestro proceso interno en Morena, ya pr\u00f3ximo, garantice la unidad y que al mismo tiempo sea transparente y la gente pueda participar, como es la invitaci\u00f3n que hizo el presidente L\u00f3pez Obrador\u201d, a\u00f1adi\u00f3.<br><\/p>\n\n\n\n<p>Ebrard es uno de los principales personajes de Morena que han manifestado su deseo de participar en la elecci\u00f3n de 2024, al igual que la jefa de Gobierno, Claudia Sheinbaum, el senador Ricardo Monreal, el secretario de Gobernaci\u00f3n, Ad\u00e1n Augusto L\u00f3pez, el diputado del PT, Gerardo Fern\u00e1ndez Noro\u00f1a, y el senador del Partido Verde, Manuel Velasco.<\/p>\n","protected":false},"excerpt":{"rendered":"<p>Marcelo Ebrard explic\u00f3 que presentar\u00e1 una metodolog\u00eda para aparecer en la encuesta entre \u2018corcholatas\u2019 de Morena y anticip\u00f3 que uno de los requisitos que propondr\u00e1 ser\u00e1 renunciar al cargo. El secretario de Relaciones Exteriores, Marcelo Ebrard, adelant\u00f3 este lunes 29 de mayo una de sus propuestas para aparecer en la encuesta que definir\u00e1 qui\u00e9n ser\u00e1 [&hellip;]<\/p>\n","protected":false},"author":1,"featured_media":27638,"comment_status":"closed","ping_status":"closed","sticky":false,"template":"","format":"standard","meta":{"footnotes":""},"categories":[30,31],"tags":[],"class_list":["post-27637","post","type-post","status-publish","format-standard","has-post-thumbnail","hentry","category-destacado","category-portada"],"_links":{"self":[{"href":"https:\/\/elinformante.mx\/index.php?rest_route=\/wp\/v2\/posts\/27637","targetHints":{"allow":["GET"]}}],"collection":[{"href":"https:\/\/elinformante.mx\/index.php?rest_route=\/wp\/v2\/posts"}],"about":[{"href":"https:\/\/elinformante.mx\/index.php?rest_route=\/wp\/v2\/types\/post"}],"author":[{"embeddable":true,"href":"https:\/\/elinformante.mx\/index.php?rest_route=\/wp\/v2\/users\/1"}],"replies":[{"embeddable":true,"href":"https:\/\/elinformante.mx\/index.php?rest_route=%2Fwp%2Fv2%2Fcomments&post=27637"}],"version-history":[{"count":0,"href":"https:\/\/elinformante.mx\/index.php?rest_route=\/wp\/v2\/posts\/27637\/revisions"}],"wp:featuredmedia":[{"embeddable":true,"href":"https:\/\/elinformante.mx\/index.php?rest_route=\/wp\/v2\/media\/27638"}],"wp:attachment":[{"href":"https:\/\/elinformante.mx\/index.php?rest_route=%2Fwp%2Fv2%2Fmedia&parent=27637"}],"wp:term":[{"taxonomy":"category","embeddable":true,"href":"https:\/\/elinformante.mx\/index.php?rest_route=%2Fwp%2Fv2%2Fcategories&post=27637"},{"taxonomy":"post_tag","embeddable":true,"href":"https:\/\/elinformante.mx\/index.php?rest_route=%2Fwp%2Fv2%2Ftags&post=27637"}],"curies":[{"name":"wp","href":"https:\/\/api.w.org\/{rel}","templated":true}]}}