{"id":27642,"date":"2023-05-30T16:53:20","date_gmt":"2023-05-30T16:53:20","guid":{"rendered":"https:\/\/elinformante.mx\/?p=27642"},"modified":"2023-05-30T17:01:38","modified_gmt":"2023-05-30T17:01:38","slug":"no-mas-maltrato-gem-reprueba-todo-tipo-de-maltrato-hacia-los-animales","status":"publish","type":"post","link":"https:\/\/elinformante.mx\/?p=27642","title":{"rendered":"NO M\u00c1S MALTRATO!! GEM reprueba todo tipo de maltrato hac\u00eda los animales"},"content":{"rendered":"\n<p>El <strong>Gobierno del Estado de M\u00e9xico<\/strong> est\u00e1 comprometido con la protecci\u00f3n y el cuidado de los <strong>animales<\/strong>, por lo que reprueba cualquier tipo de <strong>violencia<\/strong> y <strong>maltrato<\/strong> contra cualquier ser sintiente.<br><br>Ante los hechos ocurridos hace unos d\u00edas en el municipio de <strong>Tec\u00e1mac<\/strong>, donde un sujeto arroj\u00f3 a un canino dentro de un cazo con aceite hirviendo; (NOTICIA: (<strong><a href=\"https:\/\/elinformante.mx\/?p=27532&amp;fbclid=IwAR0RcPHxGxaG87U4iDnw4ykLBRuHXFVMmQ7KhwGKBs6To90UPt5Yavt_Pjg\">https:\/\/elinformante.mx\/?p=27532&amp;fbclid=IwAR0RcPHxGxaG87U4iDnw4ykLBRuHXFVMmQ7KhwGKBs6To90UPt5Yavt_Pjg<\/a><\/strong>); la Procuradur\u00eda de Protecci\u00f3n al Ambiente del Estado de M\u00e9xico (<strong>PROPAEM<\/strong>) dar\u00e1 seguimiento y coadyuvar\u00e1 con la Fiscal\u00eda General de Justicia de la entidad (<strong>FGJEM<\/strong>), para realizar las investigaciones correspondientes y sancionar al responsable.<br><br>Cabe destacar que, de acuerdo al <strong>C\u00f3digo Penal del Estado de M\u00e9xico<\/strong>, la pena m\u00e1xima por <strong>maltrato animal<\/strong> es de hasta seis a\u00f1os en prisi\u00f3n. Autoridades ponen a disposici\u00f3n de la ciudadan\u00eda:<br>El correo electr\u00f3nico: <strong>subfaunapropaem.sma@edomex.gob.mx<\/strong><br>El n\u00famero telef\u00f3nico <strong>722-213-5456 ext. 1<\/strong> y<br>El sitio web: <strong>http:\/\/tramitesyservicios.edomex.gob.mx\/dencma\/<\/strong><br>Abierto las 24 horas, los 365 d\u00edas del a\u00f1o, para cualquier denuncia sobre maltrato animal.<br><br><strong>COMUNICADO<\/strong><br><\/p>\n\n\n\n<figure class=\"wp-block-image size-large\"><img fetchpriority=\"high\" decoding=\"async\" width=\"724\" height=\"1024\" src=\"https:\/\/elinformante.mx\/wp-content\/uploads\/2023\/05\/WhatsApp-Image-2023-05-30-at-9.58.50-AM-724x1024.jpeg\" alt=\"\" class=\"wp-image-27643\" srcset=\"https:\/\/elinformante.mx\/wp-content\/uploads\/2023\/05\/WhatsApp-Image-2023-05-30-at-9.58.50-AM-724x1024.jpeg 724w, https:\/\/elinformante.mx\/wp-content\/uploads\/2023\/05\/WhatsApp-Image-2023-05-30-at-9.58.50-AM-212x300.jpeg 212w, https:\/\/elinformante.mx\/wp-content\/uploads\/2023\/05\/WhatsApp-Image-2023-05-30-at-9.58.50-AM-768x1086.jpeg 768w, https:\/\/elinformante.mx\/wp-content\/uploads\/2023\/05\/WhatsApp-Image-2023-05-30-at-9.58.50-AM-1087x1536.jpeg 1087w, https:\/\/elinformante.mx\/wp-content\/uploads\/2023\/05\/WhatsApp-Image-2023-05-30-at-9.58.50-AM-580x820.jpeg 580w, https:\/\/elinformante.mx\/wp-content\/uploads\/2023\/05\/WhatsApp-Image-2023-05-30-at-9.58.50-AM-860x1216.jpeg 860w, https:\/\/elinformante.mx\/wp-content\/uploads\/2023\/05\/WhatsApp-Image-2023-05-30-at-9.58.50-AM.jpeg 1132w\" sizes=\"(max-width: 724px) 100vw, 724px\" \/><\/figure>\n","protected":false},"excerpt":{"rendered":"<p>El Gobierno del Estado de M\u00e9xico est\u00e1 comprometido con la protecci\u00f3n y el cuidado de los animales, por lo que reprueba cualquier tipo de violencia y maltrato contra cualquier ser sintiente. Ante los hechos ocurridos hace unos d\u00edas en el municipio de Tec\u00e1mac, donde un sujeto arroj\u00f3 a un canino dentro de un cazo con [&hellip;]<\/p>\n","protected":false},"author":2,"featured_media":27644,"comment_status":"closed","ping_status":"closed","sticky":false,"template":"","format":"standard","meta":{"footnotes":""},"categories":[36],"tags":[],"class_list":["post-27642","post","type-post","status-publish","format-standard","has-post-thumbnail","hentry","category-edomex"],"_links":{"self":[{"href":"https:\/\/elinformante.mx\/index.php?rest_route=\/wp\/v2\/posts\/27642","targetHints":{"allow":["GET"]}}],"collection":[{"href":"https:\/\/elinformante.mx\/index.php?rest_route=\/wp\/v2\/posts"}],"about":[{"href":"https:\/\/elinformante.mx\/index.php?rest_route=\/wp\/v2\/types\/post"}],"author":[{"embeddable":true,"href":"https:\/\/elinformante.mx\/index.php?rest_route=\/wp\/v2\/users\/2"}],"replies":[{"embeddable":true,"href":"https:\/\/elinformante.mx\/index.php?rest_route=%2Fwp%2Fv2%2Fcomments&post=27642"}],"version-history":[{"count":0,"href":"https:\/\/elinformante.mx\/index.php?rest_route=\/wp\/v2\/posts\/27642\/revisions"}],"wp:featuredmedia":[{"embeddable":true,"href":"https:\/\/elinformante.mx\/index.php?rest_route=\/wp\/v2\/media\/27644"}],"wp:attachment":[{"href":"https:\/\/elinformante.mx\/index.php?rest_route=%2Fwp%2Fv2%2Fmedia&parent=27642"}],"wp:term":[{"taxonomy":"category","embeddable":true,"href":"https:\/\/elinformante.mx\/index.php?rest_route=%2Fwp%2Fv2%2Fcategories&post=27642"},{"taxonomy":"post_tag","embeddable":true,"href":"https:\/\/elinformante.mx\/index.php?rest_route=%2Fwp%2Fv2%2Ftags&post=27642"}],"curies":[{"name":"wp","href":"https:\/\/api.w.org\/{rel}","templated":true}]}}