{"id":27739,"date":"2023-05-31T14:11:03","date_gmt":"2023-05-31T14:11:03","guid":{"rendered":"https:\/\/elinformante.mx\/?p=27739"},"modified":"2023-05-31T14:11:04","modified_gmt":"2023-05-31T14:11:04","slug":"ebrard-quiere-que-otra-mujer-se-sume-a-las-corcholatas-de-morena-rumbo-a-2024","status":"publish","type":"post","link":"https:\/\/elinformante.mx\/?p=27739","title":{"rendered":"Ebrard quiere que otra mujer se sume a las \u201ccorcholatas\u201d de Morena rumbo a 2024"},"content":{"rendered":"\n<blockquote class=\"wp-block-quote is-layout-flow wp-block-quote-is-layout-flow\">\n<p class=\"wp-block-paragraph\">Reitera que otros partidos a\u00fan en alianza, tienen todo el derecho a postular a quienes consideren, para la contienda el pr\u00f3ximo a\u00f1o, \u201cy ya que la gente decida\u201d.<\/p>\n<\/blockquote>\n\n\n\n<p class=\"wp-block-paragraph\">El titular de la Secretar\u00eda de Relaciones Exteriores (SRE), Marcelo Ebrard Casaubon, insisti\u00f3 en que dar\u00e1 a conocer su propuesta para elegir al abanderado del Partido Morena a la Presidencia del 2024, el pr\u00f3ximo 5 de junio, una vez que pasen las elecciones en el Estado de M\u00e9xico.<br><\/p>\n\n\n\n<p class=\"wp-block-paragraph\">Asimismo, reconoci\u00f3 que ahora que ha salido otro aspirante, de los denominados \u201ccorcholatas\u201d, ahora por el Partido Verde, el senador Velasco, el funcionario consider\u00f3 que el PVEM y el PT \u201ctienen todo el derecho de postular a quienes consideren porque somos una coalici\u00f3n\u2026 y ya que la gente decida\u201d, al tiempo que manifest\u00f3 que \u201cse va a extra\u00f1ar a otra mujer \u2026a ver si brinca\u201d, en el sentido de que hasta el momento s\u00f3lo la jefa de gobierno de la Ciudad de M\u00e9xico, Claudia Sheinbaum, ha destacado abiertamente como aspirante presidencia por Morena, aunque dijo el canciller, que no le corresponde a \u00e9l dar nombres, y consider\u00f3 que pudiera resultar interesante.<br><\/p>\n\n\n\n<p class=\"wp-block-paragraph\">En otro tema, resalt\u00f3 que este d\u00eda sostuvo que en un encuentro que sostuvo con representantes de la regi\u00f3n mixteca de Oaxaca para ayudarlos a resolver cuestiones que tienen que ver con sus comunidades en Estados Unidos, ya que hay gente, refiri\u00f3 que tienen 40 a\u00f1os sin poder ver a sus familiares radicados en la uni\u00f3n americana.<br><\/p>\n\n\n\n<p class=\"wp-block-paragraph\">En breves declaraciones, el canciller record\u00f3 que Oaxaca, es una de las regiones que tiene m\u00e1s poblaci\u00f3n en Estados Unidos y la gente aqu\u00ed en M\u00e9xico enfrenta complicaciones porque no pueden para verlos all\u00e1, porque no tienen visa y les cuesta mucho trabajo conseguirla, de ah\u00ed que se haya abierto una oficina de pasaportes en Huajuapan de Le\u00f3n.<br><\/p>\n\n\n\n<p class=\"wp-block-paragraph\">Adem\u00e1s, a\u00f1adi\u00f3, en Estados Unidos hay comunidades cuya lengua materna es la mixteca, y deben ser atendidos en su lengua y en nuestro pa\u00eds, facilitarles que tengan pasaporte, luego de dar el aval, para que puedan tener visa que son tramites muy tardados.<br><\/p>\n\n\n\n<p class=\"wp-block-paragraph\">Indic\u00f3 que muchos tr\u00e1mites no dependen exclusivamente de M\u00e9xico, porque hay que conseguir visas de Estados Unidos, \u201cpero s\u00ed les podemos ayudar mucho\u201d, adem\u00e1s de otro tipo de solicitudes que le hicieron en el sentido de ayudarlos a gestionar reuniones con diferentes secretar\u00edas para atender temas de infraestructura, servicios de salud u otras cuestiones.<\/p>\n","protected":false},"excerpt":{"rendered":"<p>Reitera que otros partidos a\u00fan en alianza, tienen todo el derecho a postular a quienes consideren, para la contienda el pr\u00f3ximo a\u00f1o, \u201cy ya que la gente decida\u201d. El titular de la Secretar\u00eda de Relaciones Exteriores (SRE), Marcelo Ebrard Casaubon, insisti\u00f3 en que dar\u00e1 a conocer su propuesta para elegir al abanderado del Partido Morena [&hellip;]<\/p>\n","protected":false},"author":1,"featured_media":27740,"comment_status":"closed","ping_status":"closed","sticky":false,"template":"","format":"standard","meta":{"footnotes":""},"categories":[30,31],"tags":[],"class_list":["post-27739","post","type-post","status-publish","format-standard","has-post-thumbnail","hentry","category-destacado","category-portada"],"_links":{"self":[{"href":"https:\/\/elinformante.mx\/index.php?rest_route=\/wp\/v2\/posts\/27739","targetHints":{"allow":["GET"]}}],"collection":[{"href":"https:\/\/elinformante.mx\/index.php?rest_route=\/wp\/v2\/posts"}],"about":[{"href":"https:\/\/elinformante.mx\/index.php?rest_route=\/wp\/v2\/types\/post"}],"author":[{"embeddable":true,"href":"https:\/\/elinformante.mx\/index.php?rest_route=\/wp\/v2\/users\/1"}],"replies":[{"embeddable":true,"href":"https:\/\/elinformante.mx\/index.php?rest_route=%2Fwp%2Fv2%2Fcomments&post=27739"}],"version-history":[{"count":0,"href":"https:\/\/elinformante.mx\/index.php?rest_route=\/wp\/v2\/posts\/27739\/revisions"}],"wp:featuredmedia":[{"embeddable":true,"href":"https:\/\/elinformante.mx\/index.php?rest_route=\/wp\/v2\/media\/27740"}],"wp:attachment":[{"href":"https:\/\/elinformante.mx\/index.php?rest_route=%2Fwp%2Fv2%2Fmedia&parent=27739"}],"wp:term":[{"taxonomy":"category","embeddable":true,"href":"https:\/\/elinformante.mx\/index.php?rest_route=%2Fwp%2Fv2%2Fcategories&post=27739"},{"taxonomy":"post_tag","embeddable":true,"href":"https:\/\/elinformante.mx\/index.php?rest_route=%2Fwp%2Fv2%2Ftags&post=27739"}],"curies":[{"name":"wp","href":"https:\/\/api.w.org\/{rel}","templated":true}]}}