{"id":27887,"date":"2023-06-02T11:21:53","date_gmt":"2023-06-02T11:21:53","guid":{"rendered":"https:\/\/elinformante.mx\/?p=27887"},"modified":"2023-06-02T11:21:54","modified_gmt":"2023-06-02T11:21:54","slug":"seis-personas-son-detenidos-por-posible-despojo-de-predio","status":"publish","type":"post","link":"https:\/\/elinformante.mx\/?p=27887","title":{"rendered":"Seis personas son detenidos por posible despojo de predio"},"content":{"rendered":"\n<blockquote class=\"wp-block-quote is-layout-flow wp-block-quote-is-layout-flow\">\n<p class=\"wp-block-paragraph\">En la acci\u00f3n aseguraron, una r\u00e9plica de pistola con la que al parecer amenazaron al habitante del domicilio.<\/p>\n<\/blockquote>\n\n\n\n<p class=\"wp-block-paragraph\">Resultado de despliegues operativos estrat\u00e9gicos, elementos de la Secretar\u00eda de Seguridad (SS) detuvieron a seis sujetos probables implicados en los delitos de portaci\u00f3n de arma prohibida y posible despojo de predio, en agravio de un ciudadano.<br><\/p>\n\n\n\n<p class=\"wp-block-paragraph\">Polic\u00edas adscritos al Agrupamiento de Fuerza de Apoyo y Reacci\u00f3n (FAR) realizaban el Operativo Argos con la finalidad de inhibir y disuadir el robo en todas sus modalidades, cuando al circular sobre la calle cerrada de Rosales y Loma de los \u00c1ngeles, en la colonia La Piedad, en el municipio de Cuautitl\u00e1n Izcalli, visualizaron a un hombre que con se\u00f1as ped\u00eda ayuda.<br><\/p>\n\n\n\n<p class=\"wp-block-paragraph\">Al establecer contacto con el afectado, este denunci\u00f3 que un grupo de individuos armados lo amedrentaron e ingresaron al su vivienda aparentemente con la intenci\u00f3n de despojarlo de su propiedad.<br><\/p>\n\n\n\n<p class=\"wp-block-paragraph\">Conforme al protocolo de actuaci\u00f3n, los polic\u00edas de la SS con el permiso del due\u00f1o ingresaron y detuvieron a Adolfo \u201cN\u201d de 44 a\u00f1os, Rafael \u201cN\u201d de 23 a\u00f1os, \u00d3scar \u201cN\u201d de 27, Eduardo \u201cN\u201d de 22, Florencio \u201cN\u201d de 54 y Luis \u201cN\u201d de 35 a\u00f1os.<br><\/p>\n\n\n\n<p class=\"wp-block-paragraph\">Luego de realizar una revisi\u00f3n protocolaria, los uniformados estatales encontraron entre las pertenencias de los detenidos, una r\u00e9plica de arma de fuego, color negro. Despu\u00e9s de hacer saber los derechos que la ley consagra, fueron presentados ante la Agencia del Ministerio P\u00fablico, con sede en Cuautitl\u00e1n Izcalli, para determinar su situaci\u00f3n jur\u00eddica.<\/p>\n","protected":false},"excerpt":{"rendered":"<p>En la acci\u00f3n aseguraron, una r\u00e9plica de pistola con la que al parecer amenazaron al habitante del domicilio. Resultado de despliegues operativos estrat\u00e9gicos, elementos de la Secretar\u00eda de Seguridad (SS) detuvieron a seis sujetos probables implicados en los delitos de portaci\u00f3n de arma prohibida y posible despojo de predio, en agravio de un ciudadano. Polic\u00edas [&hellip;]<\/p>\n","protected":false},"author":1,"featured_media":27888,"comment_status":"closed","ping_status":"closed","sticky":false,"template":"","format":"standard","meta":{"footnotes":""},"categories":[36,37],"tags":[],"class_list":["post-27887","post","type-post","status-publish","format-standard","has-post-thumbnail","hentry","category-edomex","category-justicia"],"_links":{"self":[{"href":"https:\/\/elinformante.mx\/index.php?rest_route=\/wp\/v2\/posts\/27887","targetHints":{"allow":["GET"]}}],"collection":[{"href":"https:\/\/elinformante.mx\/index.php?rest_route=\/wp\/v2\/posts"}],"about":[{"href":"https:\/\/elinformante.mx\/index.php?rest_route=\/wp\/v2\/types\/post"}],"author":[{"embeddable":true,"href":"https:\/\/elinformante.mx\/index.php?rest_route=\/wp\/v2\/users\/1"}],"replies":[{"embeddable":true,"href":"https:\/\/elinformante.mx\/index.php?rest_route=%2Fwp%2Fv2%2Fcomments&post=27887"}],"version-history":[{"count":0,"href":"https:\/\/elinformante.mx\/index.php?rest_route=\/wp\/v2\/posts\/27887\/revisions"}],"wp:featuredmedia":[{"embeddable":true,"href":"https:\/\/elinformante.mx\/index.php?rest_route=\/wp\/v2\/media\/27888"}],"wp:attachment":[{"href":"https:\/\/elinformante.mx\/index.php?rest_route=%2Fwp%2Fv2%2Fmedia&parent=27887"}],"wp:term":[{"taxonomy":"category","embeddable":true,"href":"https:\/\/elinformante.mx\/index.php?rest_route=%2Fwp%2Fv2%2Fcategories&post=27887"},{"taxonomy":"post_tag","embeddable":true,"href":"https:\/\/elinformante.mx\/index.php?rest_route=%2Fwp%2Fv2%2Ftags&post=27887"}],"curies":[{"name":"wp","href":"https:\/\/api.w.org\/{rel}","templated":true}]}}