{"id":28370,"date":"2023-06-08T13:30:39","date_gmt":"2023-06-08T13:30:39","guid":{"rendered":"https:\/\/elinformante.mx\/?p=28370"},"modified":"2023-06-08T13:30:40","modified_gmt":"2023-06-08T13:30:40","slug":"detenidos-dos-sujetos-por-robo-de-vehiculo-con-violencia","status":"publish","type":"post","link":"https:\/\/elinformante.mx\/?p=28370","title":{"rendered":"Detenidos dos sujetos por robo de veh\u00edculo con violencia"},"content":{"rendered":"\n<blockquote class=\"wp-block-quote is-layout-flow wp-block-quote-is-layout-flow\">\n<p class=\"wp-block-paragraph\">Un ciudadano solicit\u00f3 la intervenci\u00f3n policial momentos despu\u00e9s de ser despojado de su unidad.<\/p>\n<\/blockquote>\n\n\n\n<p class=\"wp-block-paragraph\">Elementos de la Direcci\u00f3n General de Combate al Robo de Veh\u00edculos y Transporte (DGCRVyT) de la Secretar\u00eda de Seguridad (SS) en coordinaci\u00f3n con la Polic\u00eda Municipal detuvieron a dos sujetos por su probable participaci\u00f3n en el delito de robo de veh\u00edculo con violencia.<br><\/p>\n\n\n\n<p class=\"wp-block-paragraph\">Los integrantes de ambas corporaciones realizaban recorridos preventivos y de seguridad con el objetivo de prevenir y disuadir el delito en todas sus modalidades, cuando en su paso por la calle de Bucarelli, en la colonia San Mateo Otzacatipan, en el municipio de Toluca, fueron alertados por una persona quien les solicit\u00f3 detenerse para posteriormente informarles que momentos antes dos individuos lo despojaron de una motocicleta marca Dinamo, modelo 2013, color rojo.<br><\/p>\n\n\n\n<figure class=\"wp-block-image size-large\"><img fetchpriority=\"high\" decoding=\"async\" width=\"1024\" height=\"503\" src=\"https:\/\/elinformante.mx\/wp-content\/uploads\/2023\/06\/detenidos-2-1-1024x503.jpg\" alt=\"\" class=\"wp-image-28372\" srcset=\"https:\/\/elinformante.mx\/wp-content\/uploads\/2023\/06\/detenidos-2-1-1024x503.jpg 1024w, https:\/\/elinformante.mx\/wp-content\/uploads\/2023\/06\/detenidos-2-1-300x147.jpg 300w, https:\/\/elinformante.mx\/wp-content\/uploads\/2023\/06\/detenidos-2-1-768x377.jpg 768w, https:\/\/elinformante.mx\/wp-content\/uploads\/2023\/06\/detenidos-2-1-580x285.jpg 580w, https:\/\/elinformante.mx\/wp-content\/uploads\/2023\/06\/detenidos-2-1-860x422.jpg 860w, https:\/\/elinformante.mx\/wp-content\/uploads\/2023\/06\/detenidos-2-1.jpg 1140w\" sizes=\"(max-width: 1024px) 100vw, 1024px\" \/><\/figure>\n\n\n\n<p class=\"wp-block-paragraph\">Con la informaci\u00f3n recabada, los uniformados comenzaron a recorrer la zona y fue as\u00ed que con la media filiaci\u00f3n otorgada por la v\u00edctima que lograron identificar a unos hombres en posesi\u00f3n de la unidad reportada como robada. As\u00ed mismo, los uniformados detectaron que los aparentes involucrados permanec\u00edan retenidos por un grupo de pobladores para que no huyeran del lugar.<br><\/p>\n\n\n\n<p class=\"wp-block-paragraph\">Con la situaci\u00f3n controlada, los oficiales efectuaron una inspecci\u00f3n apegada a derecho; al concluir, encontraron un arma punzocortante, por lo que a petici\u00f3n de la v\u00edctima quien reconoci\u00f3 plenamente a sus agresores, los uniformados detuvieron a Gustavo \u201cN\u201d e Irvin \u201cN\u201d, de 18 a\u00f1os y 19 a\u00f1os de edad, respectivamente.<br><\/p>\n\n\n\n<p class=\"wp-block-paragraph\">Finalmente despu\u00e9s de hacer saber los derechos que confiere la ley, los detenidos fueron trasladados de inmediato junto con lo decomisado a la Fiscal\u00eda Especializada en la Investigaci\u00f3n del Delito de Robo de Veh\u00edculos OCRA con sede en Toluca, donde se inici\u00f3 una carpeta de investigaci\u00f3n para determinar su situaci\u00f3n jur\u00eddica.<\/p>\n","protected":false},"excerpt":{"rendered":"<p>Un ciudadano solicit\u00f3 la intervenci\u00f3n policial momentos despu\u00e9s de ser despojado de su unidad. Elementos de la Direcci\u00f3n General de Combate al Robo de Veh\u00edculos y Transporte (DGCRVyT) de la Secretar\u00eda de Seguridad (SS) en coordinaci\u00f3n con la Polic\u00eda Municipal detuvieron a dos sujetos por su probable participaci\u00f3n en el delito de robo de veh\u00edculo [&hellip;]<\/p>\n","protected":false},"author":1,"featured_media":28371,"comment_status":"closed","ping_status":"closed","sticky":false,"template":"","format":"standard","meta":{"footnotes":""},"categories":[36,37],"tags":[],"class_list":["post-28370","post","type-post","status-publish","format-standard","has-post-thumbnail","hentry","category-edomex","category-justicia"],"_links":{"self":[{"href":"https:\/\/elinformante.mx\/index.php?rest_route=\/wp\/v2\/posts\/28370","targetHints":{"allow":["GET"]}}],"collection":[{"href":"https:\/\/elinformante.mx\/index.php?rest_route=\/wp\/v2\/posts"}],"about":[{"href":"https:\/\/elinformante.mx\/index.php?rest_route=\/wp\/v2\/types\/post"}],"author":[{"embeddable":true,"href":"https:\/\/elinformante.mx\/index.php?rest_route=\/wp\/v2\/users\/1"}],"replies":[{"embeddable":true,"href":"https:\/\/elinformante.mx\/index.php?rest_route=%2Fwp%2Fv2%2Fcomments&post=28370"}],"version-history":[{"count":0,"href":"https:\/\/elinformante.mx\/index.php?rest_route=\/wp\/v2\/posts\/28370\/revisions"}],"wp:featuredmedia":[{"embeddable":true,"href":"https:\/\/elinformante.mx\/index.php?rest_route=\/wp\/v2\/media\/28371"}],"wp:attachment":[{"href":"https:\/\/elinformante.mx\/index.php?rest_route=%2Fwp%2Fv2%2Fmedia&parent=28370"}],"wp:term":[{"taxonomy":"category","embeddable":true,"href":"https:\/\/elinformante.mx\/index.php?rest_route=%2Fwp%2Fv2%2Fcategories&post=28370"},{"taxonomy":"post_tag","embeddable":true,"href":"https:\/\/elinformante.mx\/index.php?rest_route=%2Fwp%2Fv2%2Ftags&post=28370"}],"curies":[{"name":"wp","href":"https:\/\/api.w.org\/{rel}","templated":true}]}}