{"id":28379,"date":"2023-06-08T13:35:21","date_gmt":"2023-06-08T13:35:21","guid":{"rendered":"https:\/\/elinformante.mx\/?p=28379"},"modified":"2023-06-08T13:35:22","modified_gmt":"2023-06-08T13:35:22","slug":"fgr-pide-82-anos-de-carcel-para-murillo-karam-por-caso-ayotzinapa","status":"publish","type":"post","link":"https:\/\/elinformante.mx\/?p=28379","title":{"rendered":"FGR pide 82 a\u00f1os de c\u00e1rcel para Murillo Karam por caso Ayotzinapa"},"content":{"rendered":"\n<blockquote class=\"wp-block-quote is-layout-flow wp-block-quote-is-layout-flow\">\n<p class=\"wp-block-paragraph\">A trav\u00e9s de la Unidad de Investigaci\u00f3n y Litigaci\u00f3n para el caso Ayotzinapa la FGR pidi\u00f3 adem\u00e1s 20 mil d\u00edas de multa.<\/p>\n<\/blockquote>\n\n\n\n<p class=\"wp-block-paragraph\">La Fiscal\u00eda General de la Rep\u00fablica (FGR) solicit\u00f3 82 a\u00f1os de c\u00e1rcel para el ex procurador general de la Rep\u00fablica, Jes\u00fas Murillo Karam.<br><\/p>\n\n\n\n<p class=\"wp-block-paragraph\">Dicha pena, en el marco del proceso judicial en su contra por tortura, desaparici\u00f3n forzada y delitos contra la administraci\u00f3n de la justicia en el marco de la desaparici\u00f3n de los 43 normalistas de la Escuela Normal Rural Isidro Burgos.<br><\/p>\n\n\n\n<p class=\"wp-block-paragraph\">A trav\u00e9s de la Unidad de Investigaci\u00f3n y Litigaci\u00f3n para el caso Ayotzinapa la FGR pidi\u00f3 adem\u00e1s 20 mil d\u00edas de multa.<br><\/p>\n\n\n\n<p class=\"wp-block-paragraph\">Originalmente la Fiscal\u00eda pidi\u00f3 que Murillo Karam fuera procesado por desaparici\u00f3n forzada conforme al C\u00f3digo Penal Federal vigente al momento de los hechos.<br><\/p>\n\n\n\n<p class=\"wp-block-paragraph\">Dicho c\u00f3digo establec\u00eda hasta 40 a\u00f1os de c\u00e1rcel por dicho delito.<br><\/p>\n\n\n\n<p class=\"wp-block-paragraph\">Pero en la nueva solicitud pide la aplicaci\u00f3n de la actual Ley General en Materia de Desaparici\u00f3n Forzada de Personal que establece hasta 60 a\u00f1os de c\u00e1rcel.<br><\/p>\n\n\n\n<p class=\"wp-block-paragraph\">El abogado Javier L\u00f3pez confirm\u00f3 a Animal Pol\u00edtico la solicitud de la pena de 82 a\u00f1os de c\u00e1rcel contra su cliente, Jes\u00fas Murillo Karam, y adelant\u00f3 que ya prepara una respuesta.<\/p>\n","protected":false},"excerpt":{"rendered":"<p>A trav\u00e9s de la Unidad de Investigaci\u00f3n y Litigaci\u00f3n para el caso Ayotzinapa la FGR pidi\u00f3 adem\u00e1s 20 mil d\u00edas de multa. La Fiscal\u00eda General de la Rep\u00fablica (FGR) solicit\u00f3 82 a\u00f1os de c\u00e1rcel para el ex procurador general de la Rep\u00fablica, Jes\u00fas Murillo Karam. Dicha pena, en el marco del proceso judicial en su [&hellip;]<\/p>\n","protected":false},"author":1,"featured_media":28380,"comment_status":"closed","ping_status":"closed","sticky":false,"template":"","format":"standard","meta":{"footnotes":""},"categories":[37,34],"tags":[],"class_list":["post-28379","post","type-post","status-publish","format-standard","has-post-thumbnail","hentry","category-justicia","category-nacional"],"_links":{"self":[{"href":"https:\/\/elinformante.mx\/index.php?rest_route=\/wp\/v2\/posts\/28379","targetHints":{"allow":["GET"]}}],"collection":[{"href":"https:\/\/elinformante.mx\/index.php?rest_route=\/wp\/v2\/posts"}],"about":[{"href":"https:\/\/elinformante.mx\/index.php?rest_route=\/wp\/v2\/types\/post"}],"author":[{"embeddable":true,"href":"https:\/\/elinformante.mx\/index.php?rest_route=\/wp\/v2\/users\/1"}],"replies":[{"embeddable":true,"href":"https:\/\/elinformante.mx\/index.php?rest_route=%2Fwp%2Fv2%2Fcomments&post=28379"}],"version-history":[{"count":0,"href":"https:\/\/elinformante.mx\/index.php?rest_route=\/wp\/v2\/posts\/28379\/revisions"}],"wp:featuredmedia":[{"embeddable":true,"href":"https:\/\/elinformante.mx\/index.php?rest_route=\/wp\/v2\/media\/28380"}],"wp:attachment":[{"href":"https:\/\/elinformante.mx\/index.php?rest_route=%2Fwp%2Fv2%2Fmedia&parent=28379"}],"wp:term":[{"taxonomy":"category","embeddable":true,"href":"https:\/\/elinformante.mx\/index.php?rest_route=%2Fwp%2Fv2%2Fcategories&post=28379"},{"taxonomy":"post_tag","embeddable":true,"href":"https:\/\/elinformante.mx\/index.php?rest_route=%2Fwp%2Fv2%2Ftags&post=28379"}],"curies":[{"name":"wp","href":"https:\/\/api.w.org\/{rel}","templated":true}]}}