{"id":28402,"date":"2023-06-08T14:14:22","date_gmt":"2023-06-08T14:14:22","guid":{"rendered":"https:\/\/elinformante.mx\/?p=28402"},"modified":"2023-06-08T14:14:23","modified_gmt":"2023-06-08T14:14:23","slug":"uaemex-abierta-al-dialogo-con-la-gobernadora-del-edomex-carlos-eduardo-barrera-diaz","status":"publish","type":"post","link":"https:\/\/elinformante.mx\/?p=28402","title":{"rendered":"UAEM\u00e9x abierta al di\u00e1logo con la gobernadora del Edom\u00e9x: Carlos Eduardo Barrera D\u00edaz"},"content":{"rendered":"\n<blockquote class=\"wp-block-quote is-layout-flow wp-block-quote-is-layout-flow\">\n<p class=\"wp-block-paragraph\">La libertad de expresi\u00f3n favorece el avance del conocimiento y la innovaci\u00f3n, sostuvo el rector.<\/p>\n<\/blockquote>\n\n\n\n<p class=\"wp-block-paragraph\">El rector de la Universidad Aut\u00f3noma del Estado de M\u00e9xico (UAEM\u00e9x), Carlos Eduardo Barrera D\u00edaz, manifest\u00f3 que la M\u00e1xima Casa de Estudios Mexiquense est\u00e1 abierta al di\u00e1logo con la virtual gobernadora Delfina G\u00f3mez \u00c1lvarez.<br><\/p>\n\n\n\n<p class=\"wp-block-paragraph\">\u201cPrimero que nada es una felicitaci\u00f3n y vamos a vivir un hecho hist\u00f3rico estamos muy a la expectativa de tener a la primera mujer gobernadora y ya sabes que la Universidad siempre tiene un di\u00e1logo abierto en favor de la comunidad universitaria, acad\u00e9micos, pero sobre todo tambi\u00e9n de los administrativos y de nuestros alumnos\u201d.<br><\/p>\n\n\n\n<p class=\"wp-block-paragraph\">En este di\u00e1logo que contempla realizar el rector, siempre y cuando la agenda de G\u00f3mez \u00c1lvarez lo permita, se buscar\u00e1 abordar temas de relevancia para la Universidad, como: presupuesto y la demanda que tiene esta instituci\u00f3n a nivel Rep\u00fablica.<br><\/p>\n\n\n\n<figure class=\"wp-block-image size-large\"><img fetchpriority=\"high\" decoding=\"async\" width=\"1024\" height=\"503\" src=\"https:\/\/elinformante.mx\/wp-content\/uploads\/2023\/06\/UAEMEX-4-1024x503.jpg\" alt=\"\" class=\"wp-image-28404\" srcset=\"https:\/\/elinformante.mx\/wp-content\/uploads\/2023\/06\/UAEMEX-4-1024x503.jpg 1024w, https:\/\/elinformante.mx\/wp-content\/uploads\/2023\/06\/UAEMEX-4-300x147.jpg 300w, https:\/\/elinformante.mx\/wp-content\/uploads\/2023\/06\/UAEMEX-4-768x377.jpg 768w, https:\/\/elinformante.mx\/wp-content\/uploads\/2023\/06\/UAEMEX-4-580x285.jpg 580w, https:\/\/elinformante.mx\/wp-content\/uploads\/2023\/06\/UAEMEX-4-860x422.jpg 860w, https:\/\/elinformante.mx\/wp-content\/uploads\/2023\/06\/UAEMEX-4.jpg 1140w\" sizes=\"(max-width: 1024px) 100vw, 1024px\" \/><\/figure>\n\n\n\n<p class=\"wp-block-paragraph\">\u201cF\u00edjense qu\u00e9 hay varios y en los cuales algunos tienen que ver con la naturaleza del presupuesto universitario, afortunadamente han visto que lo hemos ejercido de una manera transparente con mucha rendici\u00f3n de cuentas nos ha ayudado mucho ahora el \u00f3rgano interno de control a revisar todos los procesos de compras, adquisiciones, becas y en ese sentido pues ya ven que vamos fortaleciendo las finanzas universitarias pero hay que consolidarlas\u201d.<br><\/p>\n\n\n\n<p class=\"wp-block-paragraph\">\u201cOtro tema que es importante es qu\u00e9 hay cada vez m\u00e1s solicitudes de m\u00e1s estudiantes que quieren estudiar aqu\u00ed y no nada m\u00e1s son estudiantes del Estado de M\u00e9xico muchos de otros estados tambi\u00e9n quieren venir a la Universidad\u201d, agreg\u00f3.<br><\/p>\n\n\n\n<p class=\"wp-block-paragraph\">En la Facultad de Ciencias Pol\u00edticas y Sociales, donde se llev\u00f3 a cabo un acto conmemorativo por el D\u00eda de la Libertad de Expresi\u00f3n, Barrera D\u00edaz, apunt\u00f3 que esperar\u00e1 a los tiempos de Delfina G\u00f3mez, para lograr este acercamiento.<br><\/p>\n\n\n\n<p class=\"wp-block-paragraph\">\u201cMe parece que lo que ahorita van a empezar a hacer es la cuesti\u00f3n del equipo de transici\u00f3n no hay ninguna prisa por parte de la Universidad, tiene un rumbo muy claro\u201d, concluy\u00f3.<br><\/p>\n\n\n\n<figure class=\"wp-block-image size-large\"><img decoding=\"async\" width=\"1024\" height=\"503\" src=\"https:\/\/elinformante.mx\/wp-content\/uploads\/2023\/06\/UAEMEX-1024x503.jpg\" alt=\"\" class=\"wp-image-28405\" srcset=\"https:\/\/elinformante.mx\/wp-content\/uploads\/2023\/06\/UAEMEX-1024x503.jpg 1024w, https:\/\/elinformante.mx\/wp-content\/uploads\/2023\/06\/UAEMEX-300x147.jpg 300w, https:\/\/elinformante.mx\/wp-content\/uploads\/2023\/06\/UAEMEX-768x377.jpg 768w, https:\/\/elinformante.mx\/wp-content\/uploads\/2023\/06\/UAEMEX-580x285.jpg 580w, https:\/\/elinformante.mx\/wp-content\/uploads\/2023\/06\/UAEMEX-860x422.jpg 860w, https:\/\/elinformante.mx\/wp-content\/uploads\/2023\/06\/UAEMEX.jpg 1140w\" sizes=\"(max-width: 1024px) 100vw, 1024px\" \/><\/figure>\n\n\n\n<p class=\"wp-block-paragraph\">Tocante a la libertad de expresi\u00f3n, dijo que \u00e9sta favorece el avance del conocimiento y la innovaci\u00f3n, al permitir que las personas compartan ideas y perspectivas, se fomenta la colaboraci\u00f3n y se generan soluciones creativas a los desaf\u00edos a los que se enfrenta la sociedad.<br><\/p>\n\n\n\n<p class=\"wp-block-paragraph\">Barrera D\u00edaz apunt\u00f3 que, a 195 a\u00f1os de la creaci\u00f3n del Instituto Literario, antecedente de la UAEM\u00e9x, es importante referir que el ejercicio, la defensa y la promoci\u00f3n de la libertad de expresi\u00f3n tienen una amplia tradici\u00f3n en la M\u00e1xima Casa de Estudios mexiquense; por ello, al interior de las escuelas de educaci\u00f3n superior se deben proteger los derechos individuales y, en especial, el de la libertad de expresi\u00f3n.<br><\/p>\n\n\n\n<p class=\"wp-block-paragraph\">Previo a la ceremonia, se deposit\u00f3 ofrenda floral en el Monumento a la Libertad de Expresi\u00f3n. Como parte de esta conmemoraci\u00f3n, se inaugur\u00f3 la exposici\u00f3n \u201cEdificio de Rector\u00eda. Historia en construcci\u00f3n de la comunidad verde y oro\u201d, la cual hace un recorrido visual a lo largo de los 136 a\u00f1os de esta emblem\u00e1tica construcci\u00f3n, motivo de orgullo y fuente de identidad para la comunidad de la Aut\u00f3noma mexiquense.<\/p>\n","protected":false},"excerpt":{"rendered":"<p>La libertad de expresi\u00f3n favorece el avance del conocimiento y la innovaci\u00f3n, sostuvo el rector. El rector de la Universidad Aut\u00f3noma del Estado de M\u00e9xico (UAEM\u00e9x), Carlos Eduardo Barrera D\u00edaz, manifest\u00f3 que la M\u00e1xima Casa de Estudios Mexiquense est\u00e1 abierta al di\u00e1logo con la virtual gobernadora Delfina G\u00f3mez \u00c1lvarez. \u201cPrimero que nada es una felicitaci\u00f3n [&hellip;]<\/p>\n","protected":false},"author":1,"featured_media":28403,"comment_status":"closed","ping_status":"closed","sticky":false,"template":"","format":"standard","meta":{"footnotes":""},"categories":[30,36],"tags":[],"class_list":["post-28402","post","type-post","status-publish","format-standard","has-post-thumbnail","hentry","category-destacado","category-edomex"],"_links":{"self":[{"href":"https:\/\/elinformante.mx\/index.php?rest_route=\/wp\/v2\/posts\/28402","targetHints":{"allow":["GET"]}}],"collection":[{"href":"https:\/\/elinformante.mx\/index.php?rest_route=\/wp\/v2\/posts"}],"about":[{"href":"https:\/\/elinformante.mx\/index.php?rest_route=\/wp\/v2\/types\/post"}],"author":[{"embeddable":true,"href":"https:\/\/elinformante.mx\/index.php?rest_route=\/wp\/v2\/users\/1"}],"replies":[{"embeddable":true,"href":"https:\/\/elinformante.mx\/index.php?rest_route=%2Fwp%2Fv2%2Fcomments&post=28402"}],"version-history":[{"count":0,"href":"https:\/\/elinformante.mx\/index.php?rest_route=\/wp\/v2\/posts\/28402\/revisions"}],"wp:featuredmedia":[{"embeddable":true,"href":"https:\/\/elinformante.mx\/index.php?rest_route=\/wp\/v2\/media\/28403"}],"wp:attachment":[{"href":"https:\/\/elinformante.mx\/index.php?rest_route=%2Fwp%2Fv2%2Fmedia&parent=28402"}],"wp:term":[{"taxonomy":"category","embeddable":true,"href":"https:\/\/elinformante.mx\/index.php?rest_route=%2Fwp%2Fv2%2Fcategories&post=28402"},{"taxonomy":"post_tag","embeddable":true,"href":"https:\/\/elinformante.mx\/index.php?rest_route=%2Fwp%2Fv2%2Ftags&post=28402"}],"curies":[{"name":"wp","href":"https:\/\/api.w.org\/{rel}","templated":true}]}}