{"id":28407,"date":"2023-06-08T14:17:23","date_gmt":"2023-06-08T14:17:23","guid":{"rendered":"https:\/\/elinformante.mx\/?p=28407"},"modified":"2023-06-08T14:17:24","modified_gmt":"2023-06-08T14:17:24","slug":"reciben-jovenes-mexiquenses-informacion-sobre-prevencion-de-adicciones","status":"publish","type":"post","link":"https:\/\/elinformante.mx\/?p=28407","title":{"rendered":"Reciben j\u00f3venes mexiquenses informaci\u00f3n sobre prevenci\u00f3n de adicciones"},"content":{"rendered":"\n<blockquote class=\"wp-block-quote is-layout-flow wp-block-quote-is-layout-flow\">\n<p class=\"wp-block-paragraph\">Refrenda Gobierno estatal compromiso para brindar herramientas que sean \u00fatiles para el desarrollo de este n\u00facleo de la poblaci\u00f3n.<\/p>\n<\/blockquote>\n\n\n\n<p class=\"wp-block-paragraph\">Para seguir contribuyendo al bienestar de las juventudes, el Instituto Mexiquense de la Juventud (IMEJ), organismo sectorizado a la Secretar\u00eda de Desarrollo Social, realiz\u00f3 la conferencia \u201cPrevenci\u00f3n de Adicciones\u201d, en el municipio de Luvianos, a trav\u00e9s de la cual atendi\u00f3 a m\u00e1s de 100 estudiantes de la Preparatoria Oficial #192.<br><\/p>\n\n\n\n<p class=\"wp-block-paragraph\">Durante la pl\u00e1tica informativa, el Gobierno del Estado de M\u00e9xico, encabezado por Alfredo Del Mazo Maza, refrend\u00f3 su compromiso con este grupo de la poblaci\u00f3n, garantizando su desarrollo a trav\u00e9s de la implementaci\u00f3n de acciones que coadyuven a cubrir las necesidades que van surgiendo d\u00eda con d\u00eda.<br><\/p>\n\n\n\n<p class=\"wp-block-paragraph\">Parte de esta labor es brindar herramientas para mejorar su calidad de vida a trav\u00e9s de espacios que impulsen el acceso a oportunidades mediante conocimientos compartidos en pl\u00e1ticas, conferencias y foros a los distintos municipios del territorio estatal.<br><\/p>\n\n\n\n<p class=\"wp-block-paragraph\">En esta ocasi\u00f3n, el evento tuvo por objetivo que las juventudes conozcan las consecuencias del consumo de adicciones en el \u00e1mbito social y sobre todo en el personal, as\u00ed como las repercusiones a la salud y los estragos psicol\u00f3gicos que conlleva este problema.<br><\/p>\n\n\n\n<p class=\"wp-block-paragraph\">De igual forma se trataron las causas que originan este problema y abordaron las se\u00f1ales de alerta para una detecci\u00f3n oportuna, por ello, se resalt\u00f3 la importancia de estar informados sobre los diferentes \u201cdisfraces\u201d que tienen las sustancias y las personas que conducen a las y los j\u00f3venes hacia este camino.<br><\/p>\n\n\n\n<p class=\"wp-block-paragraph\">Finalmente, se\u00f1alaron que el IMEJ cuenta con un amplio cat\u00e1logo de conferencias, foros, pl\u00e1ticas y giras de servicio dise\u00f1adas para que los j\u00f3venes est\u00e9n informados y que tengan la disposici\u00f3n y confianza de acercarse a las dependencias pertinentes en cualquier momento.<br><\/p>\n\n\n\n<p class=\"wp-block-paragraph\">Para m\u00e1s informaci\u00f3n al respecto, el IMEJ pone a disposici\u00f3n sus n\u00fameros telef\u00f3nicos de la Casa Estatal en Ecatepec 55-5770-4126 y de las Casas Regionales en Toluca 722-212-9718, y en Naucalpan, 55-5770-4387.<\/p>\n","protected":false},"excerpt":{"rendered":"<p>Refrenda Gobierno estatal compromiso para brindar herramientas que sean \u00fatiles para el desarrollo de este n\u00facleo de la poblaci\u00f3n. Para seguir contribuyendo al bienestar de las juventudes, el Instituto Mexiquense de la Juventud (IMEJ), organismo sectorizado a la Secretar\u00eda de Desarrollo Social, realiz\u00f3 la conferencia \u201cPrevenci\u00f3n de Adicciones\u201d, en el municipio de Luvianos, a trav\u00e9s [&hellip;]<\/p>\n","protected":false},"author":1,"featured_media":28408,"comment_status":"closed","ping_status":"closed","sticky":false,"template":"","format":"standard","meta":{"footnotes":""},"categories":[30,36],"tags":[],"class_list":["post-28407","post","type-post","status-publish","format-standard","has-post-thumbnail","hentry","category-destacado","category-edomex"],"_links":{"self":[{"href":"https:\/\/elinformante.mx\/index.php?rest_route=\/wp\/v2\/posts\/28407","targetHints":{"allow":["GET"]}}],"collection":[{"href":"https:\/\/elinformante.mx\/index.php?rest_route=\/wp\/v2\/posts"}],"about":[{"href":"https:\/\/elinformante.mx\/index.php?rest_route=\/wp\/v2\/types\/post"}],"author":[{"embeddable":true,"href":"https:\/\/elinformante.mx\/index.php?rest_route=\/wp\/v2\/users\/1"}],"replies":[{"embeddable":true,"href":"https:\/\/elinformante.mx\/index.php?rest_route=%2Fwp%2Fv2%2Fcomments&post=28407"}],"version-history":[{"count":0,"href":"https:\/\/elinformante.mx\/index.php?rest_route=\/wp\/v2\/posts\/28407\/revisions"}],"wp:featuredmedia":[{"embeddable":true,"href":"https:\/\/elinformante.mx\/index.php?rest_route=\/wp\/v2\/media\/28408"}],"wp:attachment":[{"href":"https:\/\/elinformante.mx\/index.php?rest_route=%2Fwp%2Fv2%2Fmedia&parent=28407"}],"wp:term":[{"taxonomy":"category","embeddable":true,"href":"https:\/\/elinformante.mx\/index.php?rest_route=%2Fwp%2Fv2%2Fcategories&post=28407"},{"taxonomy":"post_tag","embeddable":true,"href":"https:\/\/elinformante.mx\/index.php?rest_route=%2Fwp%2Fv2%2Ftags&post=28407"}],"curies":[{"name":"wp","href":"https:\/\/api.w.org\/{rel}","templated":true}]}}