{"id":28410,"date":"2023-06-08T14:19:52","date_gmt":"2023-06-08T14:19:52","guid":{"rendered":"https:\/\/elinformante.mx\/?p=28410"},"modified":"2023-06-08T14:23:19","modified_gmt":"2023-06-08T14:23:19","slug":"entrega-alfredo-del-mazo-instalaciones-de-la-coordinacion-operativa-la-paz-oriente-de-la-policia-estatal","status":"publish","type":"post","link":"https:\/\/elinformante.mx\/?p=28410","title":{"rendered":"Entrega Alfredo del Mazo Instalaciones de la Coordinaci\u00f3n Operativa La Paz Oriente de la Polic\u00eda Estatal"},"content":{"rendered":"\n<blockquote class=\"wp-block-quote is-layout-flow wp-block-quote-is-layout-flow\">\n<p class=\"wp-block-paragraph\">Explica Gobernador que esta nueva infraestructura tiene el objetivo de reforzar la seguridad, la eficiencia y la capacidad de respuesta de la polic\u00eda ante cualquier hecho delictivo en la regi\u00f3n de La Paz, Chimalhuac\u00e1n, Chicoloapan y Nezahualc\u00f3yotl.<\/p>\n<\/blockquote>\n\n\n\n<p class=\"wp-block-paragraph\">El Gobernador Alfredo Del Mazo Maza entreg\u00f3 las nuevas instalaciones de la Coordinaci\u00f3n Operativa La Paz Oriente de la Polic\u00eda Estatal, con la cual se refuerza la seguridad y la capacidad de respuesta ante cualquier hecho delictivo en esta regi\u00f3n, al tiempo de dignificar la infraestructura que utilizan los efectivos de esta corporaci\u00f3n.<br><\/p>\n\n\n\n<p class=\"wp-block-paragraph\">Desde este sitio, ubicado en el interior del Parque \u201cSoraya Jim\u00e9nez\u201d, el mandatario estatal explic\u00f3 que las nuevas instalaciones son producto del trabajo para dotar a los polic\u00edas de mejores herramientas, espacios, formaci\u00f3n y apoyo, adem\u00e1s, asegur\u00f3 que generar mejores condiciones para los efectivos es parte del reto que representa hacer frente a la delincuencia.<br><\/p>\n\n\n\n<p class=\"wp-block-paragraph\">Resultado de este trabajo, asegur\u00f3, es la disminuci\u00f3n en el \u00edndice de delitos de alto impacto durante la actual administraci\u00f3n, entre ellos, robo a casa habitaci\u00f3n, a transe\u00fante, transporte p\u00fablico, robo de veh\u00edculo, secuestro, robo con violencia y extorsi\u00f3n.<br><\/p>\n\n\n\n<p class=\"wp-block-paragraph\">Alfredo Del Mazo puntualiz\u00f3 que desde el inicio de la administraci\u00f3n el mayor compromiso de su Gobierno fue recuperar la seguridad de la sociedad, para lo cual se han impulsado diversas estrategias.<br><\/p>\n\n\n\n<figure class=\"wp-block-image size-large\"><img fetchpriority=\"high\" decoding=\"async\" width=\"1024\" height=\"503\" src=\"https:\/\/elinformante.mx\/wp-content\/uploads\/2023\/06\/ENTREGA-4-1024x503.jpg\" alt=\"\" class=\"wp-image-28412\" srcset=\"https:\/\/elinformante.mx\/wp-content\/uploads\/2023\/06\/ENTREGA-4-1024x503.jpg 1024w, https:\/\/elinformante.mx\/wp-content\/uploads\/2023\/06\/ENTREGA-4-300x147.jpg 300w, https:\/\/elinformante.mx\/wp-content\/uploads\/2023\/06\/ENTREGA-4-768x377.jpg 768w, https:\/\/elinformante.mx\/wp-content\/uploads\/2023\/06\/ENTREGA-4-580x285.jpg 580w, https:\/\/elinformante.mx\/wp-content\/uploads\/2023\/06\/ENTREGA-4-860x422.jpg 860w, https:\/\/elinformante.mx\/wp-content\/uploads\/2023\/06\/ENTREGA-4.jpg 1140w\" sizes=\"(max-width: 1024px) 100vw, 1024px\" \/><\/figure>\n\n\n\n<p class=\"wp-block-paragraph\">Junto al Secretario de Seguridad, Rodrigo Mart\u00ednez-Celis Wogau, coordinadores y mandos de la Polic\u00eda estatal, el Gobernador del Edom\u00e9x subray\u00f3 que la apertura de esta Coordinaci\u00f3n Operativa brinda m\u00e1s seguridad a las familias de la regi\u00f3n oriente, que tiene municipios como La Paz, Chimalhuac\u00e1n, Chicoloapan y Nezahualc\u00f3yotl, los cuales contar\u00e1n con una polic\u00eda m\u00e1s cercana, que atiende sus demandas con rapidez, garantizando en todo momento su seguridad.<br><\/p>\n\n\n\n<p class=\"wp-block-paragraph\">En el mensaje que dirigi\u00f3 a elementos de esta corporaci\u00f3n, Del Mazo Maza tambi\u00e9n extern\u00f3 que, con base en la capacitaci\u00f3n, la incorporaci\u00f3n de tecnolog\u00eda en labores de inteligencia, y el mejoramiento de infraestructura, aumento del presupuesto y equipo de trabajo, se ha logrado mejorar la seguridad.<br><\/p>\n\n\n\n<p class=\"wp-block-paragraph\">Al respecto, inform\u00f3 que la Universidad de Seguridad Estatal ha capacitado a m\u00e1s de 60 mil elementos, adem\u00e1s de que en la entidad se han formado nuevos agrupamientos dentro de la Secretar\u00eda de Seguridad, como la Polic\u00eda de G\u00e9nero, que inici\u00f3 en esta administraci\u00f3n con 200 elementos y, al final del sexenio, contar\u00e1 con 2 mil 300 efectivos, adem\u00e1s de una c\u00e9lula especializada para atender los delitos de violencia de g\u00e9nero, y que ha permitido llevar a cabo m\u00e1s de 49 mil visitas domiciliarias, generando m\u00e1s de 2 mil 700 carpetas de investigaci\u00f3n, contribuyendo a emitir m\u00e1s de 2 mil 700 \u00f3rdenes de protecci\u00f3n y atendiendo uno de los delitos m\u00e1s importantes, el feminicidio.<br><\/p>\n\n\n\n<p class=\"wp-block-paragraph\">Agreg\u00f3 que tambi\u00e9n fue duplicada la capacidad tecnol\u00f3gica con m\u00e1s de 20 mil c\u00e1maras de videovigilancia, el equipamiento de 60 centros municipales, la puesta en operaci\u00f3n de 40 drones t\u00e1cticos y 60 de hangar, as\u00ed como la dignificaci\u00f3n de los Cuarteles de la Polic\u00eda.<br><\/p>\n\n\n\n<figure class=\"wp-block-image size-large\"><img decoding=\"async\" width=\"1024\" height=\"503\" src=\"https:\/\/elinformante.mx\/wp-content\/uploads\/2023\/06\/ENTREGA-2-1024x503.jpg\" alt=\"\" class=\"wp-image-28413\" srcset=\"https:\/\/elinformante.mx\/wp-content\/uploads\/2023\/06\/ENTREGA-2-1024x503.jpg 1024w, https:\/\/elinformante.mx\/wp-content\/uploads\/2023\/06\/ENTREGA-2-300x147.jpg 300w, https:\/\/elinformante.mx\/wp-content\/uploads\/2023\/06\/ENTREGA-2-768x377.jpg 768w, https:\/\/elinformante.mx\/wp-content\/uploads\/2023\/06\/ENTREGA-2-580x285.jpg 580w, https:\/\/elinformante.mx\/wp-content\/uploads\/2023\/06\/ENTREGA-2-860x422.jpg 860w, https:\/\/elinformante.mx\/wp-content\/uploads\/2023\/06\/ENTREGA-2.jpg 1140w\" sizes=\"(max-width: 1024px) 100vw, 1024px\" \/><\/figure>\n\n\n\n<p class=\"wp-block-paragraph\">El Secretario de Seguridad, Rodrigo Mart\u00ednez-Celis Wogau, se\u00f1al\u00f3 que una de las prioridades de la administraci\u00f3n estatal ha sido dotar de equipamiento, herramientas e infraestructura al personal de esta Secretar\u00eda, para que puedan desarrollar sus funciones de manera \u00f3ptima, as\u00ed como para fortalecer las capacidades de atenci\u00f3n y reacci\u00f3n para contribuir a la pacificaci\u00f3n de la entidad.<br><\/p>\n\n\n\n<p class=\"wp-block-paragraph\">Inform\u00f3 que resultado de las acciones, los delitos de alto impacto han tenido una disminuci\u00f3n, en este sentido, puntualiz\u00f3 que de octubre de 2020 al mes de abril de 2023, el secuestro disminuy\u00f3 en 53 por ciento, narcomenudeo baj\u00f3 en 50 por ciento.<br><\/p>\n\n\n\n<p class=\"wp-block-paragraph\">Robo a negocio con violencia tuvo una ca\u00edda superior al 40 por ciento, robo a veh\u00edculo con violencia baj\u00f3 en m\u00e1s del 35 por ciento, robo a transportistas con violencia disminuy\u00f3 en m\u00e1s del 28 por ciento, robo a transporte p\u00fablico con violencia se redujo en m\u00e1s de 21 por ciento y feminicidio disminuy\u00f3 en m\u00e1s de 21 por ciento.<br><\/p>\n\n\n\n<p class=\"wp-block-paragraph\">Asimismo, indic\u00f3 que el espacio que se entreg\u00f3 fungir\u00e1 como cuartel policial que albergar\u00e1 a un estado de fuerza de 577 elementos, contar\u00e1 con agrupamiento de Polic\u00eda Montada, departamento jur\u00eddico y recursos humanos, entre otros.<br><\/p>\n\n\n\n<p class=\"wp-block-paragraph\">Previo a este evento, Alfredo Del Mazo, acompa\u00f1ado por la Alcaldesa de La Paz, el Secretario de Seguridad, el Secretario de Desarrollo Urbano y Obra, Rafael D\u00edaz Leal Barrueta, y el Subsecretario de la Polic\u00eda estatal, Jes\u00fas Ram\u00f3n Camacho Dom\u00ednguez, recorri\u00f3 las instalaciones de esta Coordinaci\u00f3n, entre ellas, el comedor, los dormitorios, las caballerizas, la coordinaci\u00f3n y las armer\u00edas, donde salud\u00f3 a efectivos de esta corporaci\u00f3n.<\/p>\n","protected":false},"excerpt":{"rendered":"<p>Explica Gobernador que esta nueva infraestructura tiene el objetivo de reforzar la seguridad, la eficiencia y la capacidad de respuesta de la polic\u00eda ante cualquier hecho delictivo en la regi\u00f3n de La Paz, Chimalhuac\u00e1n, Chicoloapan y Nezahualc\u00f3yotl. El Gobernador Alfredo Del Mazo Maza entreg\u00f3 las nuevas instalaciones de la Coordinaci\u00f3n Operativa La Paz Oriente de [&hellip;]<\/p>\n","protected":false},"author":1,"featured_media":28411,"comment_status":"closed","ping_status":"closed","sticky":false,"template":"","format":"standard","meta":{"footnotes":""},"categories":[30,36],"tags":[],"class_list":["post-28410","post","type-post","status-publish","format-standard","has-post-thumbnail","hentry","category-destacado","category-edomex"],"_links":{"self":[{"href":"https:\/\/elinformante.mx\/index.php?rest_route=\/wp\/v2\/posts\/28410","targetHints":{"allow":["GET"]}}],"collection":[{"href":"https:\/\/elinformante.mx\/index.php?rest_route=\/wp\/v2\/posts"}],"about":[{"href":"https:\/\/elinformante.mx\/index.php?rest_route=\/wp\/v2\/types\/post"}],"author":[{"embeddable":true,"href":"https:\/\/elinformante.mx\/index.php?rest_route=\/wp\/v2\/users\/1"}],"replies":[{"embeddable":true,"href":"https:\/\/elinformante.mx\/index.php?rest_route=%2Fwp%2Fv2%2Fcomments&post=28410"}],"version-history":[{"count":0,"href":"https:\/\/elinformante.mx\/index.php?rest_route=\/wp\/v2\/posts\/28410\/revisions"}],"wp:featuredmedia":[{"embeddable":true,"href":"https:\/\/elinformante.mx\/index.php?rest_route=\/wp\/v2\/media\/28411"}],"wp:attachment":[{"href":"https:\/\/elinformante.mx\/index.php?rest_route=%2Fwp%2Fv2%2Fmedia&parent=28410"}],"wp:term":[{"taxonomy":"category","embeddable":true,"href":"https:\/\/elinformante.mx\/index.php?rest_route=%2Fwp%2Fv2%2Fcategories&post=28410"},{"taxonomy":"post_tag","embeddable":true,"href":"https:\/\/elinformante.mx\/index.php?rest_route=%2Fwp%2Fv2%2Ftags&post=28410"}],"curies":[{"name":"wp","href":"https:\/\/api.w.org\/{rel}","templated":true}]}}