{"id":28452,"date":"2023-06-08T15:06:20","date_gmt":"2023-06-08T15:06:20","guid":{"rendered":"https:\/\/elinformante.mx\/?p=28452"},"modified":"2023-06-08T15:06:21","modified_gmt":"2023-06-08T15:06:21","slug":"semujeres-y-onu-mujeres-firman-acuerdo-para-prevenir-y-atender-violencia-en-mujeres-y-ninas","status":"publish","type":"post","link":"https:\/\/elinformante.mx\/?p=28452","title":{"rendered":"Semujeres y ONU Mujeres firman acuerdo para prevenir y atender violencia en mujeres y ni\u00f1as"},"content":{"rendered":"\n<blockquote class=\"wp-block-quote is-layout-flow wp-block-quote-is-layout-flow\">\n<p class=\"wp-block-paragraph\">Trabajar\u00e1 Semujeres con organizaciones de la sociedad civil para fortalecer acciones en materia de atenci\u00f3n y prevenci\u00f3n de la violencia.<\/p>\n<\/blockquote>\n\n\n\n<p class=\"wp-block-paragraph\">Con el objetivo de mejorar acciones de prevenci\u00f3n y atenci\u00f3n a mujeres y ni\u00f1as v\u00edctimas de violencia, por instrucci\u00f3n del mandatario estatal Alfredo Del Mazo Maza, el Gobierno del Estado de M\u00e9xico, a trav\u00e9s de la Secretar\u00eda de las Mujeres (Semujeres), firm\u00f3 un acuerdo con la Organizaci\u00f3n de las Naciones Unidas para la igualdad de g\u00e9nero y el empoderamiento de las mujeres (ONU Mujeres).<br><\/p>\n\n\n\n<p class=\"wp-block-paragraph\">Este acuerdo permitir\u00e1 vincular, fortalecer y trabajar institucionalmente con las organizaciones de la sociedad civil, para mejorar sus acciones de prevenci\u00f3n y\/o brindar servicios de contenci\u00f3n, informaci\u00f3n y atenci\u00f3n a mujeres y ni\u00f1as v\u00edctimas o sobrevivientes de violencia feminicida para que puedan salir de ese c\u00edrculo en el que se encuentran.<br><\/p>\n\n\n\n<p class=\"wp-block-paragraph\">Durante la firma, donde estuvieron como testigos Nayeli S\u00e1nchez Mac\u00edas, Coordinadora de Proyectos de ONU Mujeres en M\u00e9xico y Mar\u00eda de la Luz Estrada, Coordinadora Ejecutiva del Observatorio Ciudadano Nacional del Feminicidio, la titular de la Semujeres, Denisse Ugalde Alegr\u00eda, se\u00f1al\u00f3 que en la entidad est\u00e1n comprometidos con la causa y la encomienda que les ha pedido el mandatario estatal de trabajar y luchar para prevenir y atender la violencia contra las mujeres, el cual, dijo, es un tema en el que est\u00e1 involucrada toda la sociedad.<br><\/p>\n\n\n\n<p class=\"wp-block-paragraph\">Agradeci\u00f3 el acompa\u00f1amiento que se ha tenido en la materia por parte de ONU Mujeres, ya que \u00e9ste ha ayudado a visibilizar retos y sobre todo generar una alianza que ha dejado frutos importantes y en el que se ha tomado parte a la sociedad civil.<br><\/p>\n\n\n\n<p class=\"wp-block-paragraph\">Es por ello, que dijo que se abrir\u00e1 una convocatoria dirigida a todas las organizaciones que quieran participar y fortalecer sus acciones para abonar a la causa que une a todas y todos.<br><\/p>\n\n\n\n<p class=\"wp-block-paragraph\">Al hacer uso de la palabra, la representante de ONU Mujeres en M\u00e9xico, Bel\u00e9n Sanz Luque, resalt\u00f3 que este acuerdo da cuenta del compromiso que el Edom\u00e9x tiene de cumplir con las indicaciones que marca la Alerta de Violencia de G\u00e9nero, a la cual se refiri\u00f3 como un mecanismo in\u00e9dito en M\u00e9xico.<br><\/p>\n\n\n\n<p class=\"wp-block-paragraph\">El cual, extern\u00f3, requiere de la confluencia de actores pol\u00edticos y di\u00e1logo, lo que permite saber d\u00f3nde est\u00e1n los desaf\u00edos, las medidas que deben tomarse por las distintas instancias, por lo que reconoci\u00f3 el trabajo que se ha hecho en la materia, entre el que destac\u00f3 la colaboraci\u00f3n que se ha tenido con el Poder Legislativo misma que ha permitido la modificaci\u00f3n de 11 leyes, inspiraci\u00f3n para otros Congresos de la Rep\u00fablica, as\u00ed como la implementaci\u00f3n desde hace ya cinco a\u00f1os de la iniciativa Spotlight.<\/p>\n","protected":false},"excerpt":{"rendered":"<p>Trabajar\u00e1 Semujeres con organizaciones de la sociedad civil para fortalecer acciones en materia de atenci\u00f3n y prevenci\u00f3n de la violencia. Con el objetivo de mejorar acciones de prevenci\u00f3n y atenci\u00f3n a mujeres y ni\u00f1as v\u00edctimas de violencia, por instrucci\u00f3n del mandatario estatal Alfredo Del Mazo Maza, el Gobierno del Estado de M\u00e9xico, a trav\u00e9s de [&hellip;]<\/p>\n","protected":false},"author":1,"featured_media":28453,"comment_status":"closed","ping_status":"closed","sticky":false,"template":"","format":"standard","meta":{"footnotes":""},"categories":[30,31],"tags":[],"class_list":["post-28452","post","type-post","status-publish","format-standard","has-post-thumbnail","hentry","category-destacado","category-portada"],"_links":{"self":[{"href":"https:\/\/elinformante.mx\/index.php?rest_route=\/wp\/v2\/posts\/28452","targetHints":{"allow":["GET"]}}],"collection":[{"href":"https:\/\/elinformante.mx\/index.php?rest_route=\/wp\/v2\/posts"}],"about":[{"href":"https:\/\/elinformante.mx\/index.php?rest_route=\/wp\/v2\/types\/post"}],"author":[{"embeddable":true,"href":"https:\/\/elinformante.mx\/index.php?rest_route=\/wp\/v2\/users\/1"}],"replies":[{"embeddable":true,"href":"https:\/\/elinformante.mx\/index.php?rest_route=%2Fwp%2Fv2%2Fcomments&post=28452"}],"version-history":[{"count":0,"href":"https:\/\/elinformante.mx\/index.php?rest_route=\/wp\/v2\/posts\/28452\/revisions"}],"wp:featuredmedia":[{"embeddable":true,"href":"https:\/\/elinformante.mx\/index.php?rest_route=\/wp\/v2\/media\/28453"}],"wp:attachment":[{"href":"https:\/\/elinformante.mx\/index.php?rest_route=%2Fwp%2Fv2%2Fmedia&parent=28452"}],"wp:term":[{"taxonomy":"category","embeddable":true,"href":"https:\/\/elinformante.mx\/index.php?rest_route=%2Fwp%2Fv2%2Fcategories&post=28452"},{"taxonomy":"post_tag","embeddable":true,"href":"https:\/\/elinformante.mx\/index.php?rest_route=%2Fwp%2Fv2%2Ftags&post=28452"}],"curies":[{"name":"wp","href":"https:\/\/api.w.org\/{rel}","templated":true}]}}