{"id":28455,"date":"2023-06-08T15:07:19","date_gmt":"2023-06-08T15:07:19","guid":{"rendered":"https:\/\/elinformante.mx\/?p=28455"},"modified":"2023-06-08T15:07:19","modified_gmt":"2023-06-08T15:07:19","slug":"firman-gem-y-uaemex-acuerdo-para-el-ciclo-escolar-2023-2024","status":"publish","type":"post","link":"https:\/\/elinformante.mx\/?p=28455","title":{"rendered":"Firman GEM y UAEM\u00e9x acuerdo para el ciclo escolar 2023-2024"},"content":{"rendered":"\n<blockquote class=\"wp-block-quote is-layout-flow wp-block-quote-is-layout-flow\">\n<p class=\"wp-block-paragraph\">Firman Convenio de Colaboraci\u00f3n Secretario de Educaci\u00f3n, Gerardo Monroy Serrano, y el Rector de la Universidad Aut\u00f3noma del Estado de M\u00e9xico, Carlos Eduardo Barrera D\u00edaz.<\/p>\n<\/blockquote>\n\n\n\n<p class=\"wp-block-paragraph\">Para que j\u00f3venes del Estado de M\u00e9xico cuenten con m\u00e1s opciones de continuar sus estudios, la Secretar\u00eda de Educaci\u00f3n y la Universidad Aut\u00f3noma del Estado de M\u00e9xico (UAEM), firmaron el Acuerdo Estrat\u00e9gico por la Educaci\u00f3n Media Superior y Superior para el Ciclo Escolar 2023-2024.<br><\/p>\n\n\n\n<p class=\"wp-block-paragraph\">Este convenio establece las bases de colaboraci\u00f3n entre ambas instituciones, para que estudiantes de educaci\u00f3n media superior y superior que no hayan sido seleccionados en la UAEM a trav\u00e9s de su sistema de ingreso, tengan la oportunidad de acceder de forma alternativa y opcional al Sistema Educativo estatal.<br><\/p>\n\n\n\n<p class=\"wp-block-paragraph\">Durante la firma, el Secretario de Educaci\u00f3n, Gerardo Monroy Serrano, destac\u00f3 que el Gobierno de Alfredo Del Mazo Maza mantiene su compromiso con los estudiantes mexiquenses para que contin\u00faen prepar\u00e1ndose acad\u00e9micamente, ya que el Estado de M\u00e9xico requiere profesionales capaces para enfrentar los retos actuales y que a su vez se encuentren comprometidos con su entorno inmediato.<br><\/p>\n\n\n\n<p class=\"wp-block-paragraph\">Afirm\u00f3 que la Universidad Aut\u00f3noma del Estado de M\u00e9xico es orgullo del Sistema Educativo mexiquense, con m\u00e1s de 100 a\u00f1os como Instituto Literario, y m\u00e1s de seis d\u00e9cadas siendo un referente a nivel nacional, que la ubican dentro de las mejores Universidades del pa\u00eds.<br><\/p>\n\n\n\n<p class=\"wp-block-paragraph\">El Secretario Monroy Serrano agreg\u00f3 que esta alianza permite recibir en las instituciones de control estatal, a aspirantes que deseen continuar sus estudios en alguna de las escuelas p\u00fablicas, atendiendo a sus capacidades y lugares disponibles.<br><\/p>\n\n\n\n<figure class=\"wp-block-image size-large\"><img fetchpriority=\"high\" decoding=\"async\" width=\"1024\" height=\"503\" src=\"https:\/\/elinformante.mx\/wp-content\/uploads\/2023\/06\/FIRMAN-1024x503.jpg\" alt=\"\" class=\"wp-image-28457\" srcset=\"https:\/\/elinformante.mx\/wp-content\/uploads\/2023\/06\/FIRMAN-1024x503.jpg 1024w, https:\/\/elinformante.mx\/wp-content\/uploads\/2023\/06\/FIRMAN-300x147.jpg 300w, https:\/\/elinformante.mx\/wp-content\/uploads\/2023\/06\/FIRMAN-768x377.jpg 768w, https:\/\/elinformante.mx\/wp-content\/uploads\/2023\/06\/FIRMAN-580x285.jpg 580w, https:\/\/elinformante.mx\/wp-content\/uploads\/2023\/06\/FIRMAN-860x422.jpg 860w, https:\/\/elinformante.mx\/wp-content\/uploads\/2023\/06\/FIRMAN.jpg 1140w\" sizes=\"(max-width: 1024px) 100vw, 1024px\" \/><\/figure>\n\n\n\n<p class=\"wp-block-paragraph\">\u201cActualmente, la Seduc cuenta con una matr\u00edcula de 473 mil estudiantes de media superior y 142 mil de superior, sin considerar las escuelas privadas.<br><\/p>\n\n\n\n<p class=\"wp-block-paragraph\">\u201cPara el ciclo escolar 2023-2024 se ofertar\u00e1n 5 mil lugares de media superior, y 4 mil 500 de superior para estudiantes no seleccionaos por la UAEM\u201d, dijo el Secretario de Educaci\u00f3n.<br><\/p>\n\n\n\n<p class=\"wp-block-paragraph\">En su oportunidad, el Rector de la UAEM, Carlos Eduardo Barrera D\u00edaz, expres\u00f3 su confianza en que ambas instituciones potenciar\u00e1n capacidades y recursos en beneficio de la juventud mexiquense.<br><\/p>\n\n\n\n<p class=\"wp-block-paragraph\">De igual forma, asegur\u00f3 que este convenio permite en un marco de integridad e inclusi\u00f3n, impulsar el aprovechamiento de la oferta educativa, al tiempo que extiende los beneficios a los sectores m\u00e1s vulnerables de la entidad.<br><\/p>\n\n\n\n<p class=\"wp-block-paragraph\">Las opciones de carreras disponibles son diversas y abarcan los campos de salud, industria, servicios, medio ambiente, inform\u00e1tica, comunicaci\u00f3n, contabilidad, administraci\u00f3n, turismo, mercadotecnia, derecho y educaci\u00f3n.<br><\/p>\n\n\n\n<p class=\"wp-block-paragraph\">Adem\u00e1s, se ofrecen programas espec\u00edficos como el de Ingenier\u00eda en Nanotecnolog\u00eda, en Redes Inteligentes y Ciberseguridad, en Desarrollo y Gesti\u00f3n de Software, Licenciatura en Gesti\u00f3n de Capital Humano, Ingenier\u00edas en Aeron\u00e1utica y Rob\u00f3tica, entre otros.<\/p>\n","protected":false},"excerpt":{"rendered":"<p>Firman Convenio de Colaboraci\u00f3n Secretario de Educaci\u00f3n, Gerardo Monroy Serrano, y el Rector de la Universidad Aut\u00f3noma del Estado de M\u00e9xico, Carlos Eduardo Barrera D\u00edaz. Para que j\u00f3venes del Estado de M\u00e9xico cuenten con m\u00e1s opciones de continuar sus estudios, la Secretar\u00eda de Educaci\u00f3n y la Universidad Aut\u00f3noma del Estado de M\u00e9xico (UAEM), firmaron el [&hellip;]<\/p>\n","protected":false},"author":1,"featured_media":28456,"comment_status":"closed","ping_status":"closed","sticky":false,"template":"","format":"standard","meta":{"footnotes":""},"categories":[30,31],"tags":[],"class_list":["post-28455","post","type-post","status-publish","format-standard","has-post-thumbnail","hentry","category-destacado","category-portada"],"_links":{"self":[{"href":"https:\/\/elinformante.mx\/index.php?rest_route=\/wp\/v2\/posts\/28455","targetHints":{"allow":["GET"]}}],"collection":[{"href":"https:\/\/elinformante.mx\/index.php?rest_route=\/wp\/v2\/posts"}],"about":[{"href":"https:\/\/elinformante.mx\/index.php?rest_route=\/wp\/v2\/types\/post"}],"author":[{"embeddable":true,"href":"https:\/\/elinformante.mx\/index.php?rest_route=\/wp\/v2\/users\/1"}],"replies":[{"embeddable":true,"href":"https:\/\/elinformante.mx\/index.php?rest_route=%2Fwp%2Fv2%2Fcomments&post=28455"}],"version-history":[{"count":0,"href":"https:\/\/elinformante.mx\/index.php?rest_route=\/wp\/v2\/posts\/28455\/revisions"}],"wp:featuredmedia":[{"embeddable":true,"href":"https:\/\/elinformante.mx\/index.php?rest_route=\/wp\/v2\/media\/28456"}],"wp:attachment":[{"href":"https:\/\/elinformante.mx\/index.php?rest_route=%2Fwp%2Fv2%2Fmedia&parent=28455"}],"wp:term":[{"taxonomy":"category","embeddable":true,"href":"https:\/\/elinformante.mx\/index.php?rest_route=%2Fwp%2Fv2%2Fcategories&post=28455"},{"taxonomy":"post_tag","embeddable":true,"href":"https:\/\/elinformante.mx\/index.php?rest_route=%2Fwp%2Fv2%2Ftags&post=28455"}],"curies":[{"name":"wp","href":"https:\/\/api.w.org\/{rel}","templated":true}]}}