{"id":28459,"date":"2023-06-08T15:09:27","date_gmt":"2023-06-08T15:09:27","guid":{"rendered":"https:\/\/elinformante.mx\/?p=28459"},"modified":"2023-06-08T15:09:28","modified_gmt":"2023-06-08T15:09:28","slug":"lopez-gatell-sera-citado-para-exponer-implicaciones-de-cancelacion-de-35-nom","status":"publish","type":"post","link":"https:\/\/elinformante.mx\/?p=28459","title":{"rendered":"L\u00f3pez-Gatell ser\u00e1 citado para exponer implicaciones de cancelaci\u00f3n de 35 NOM"},"content":{"rendered":"\n<blockquote class=\"wp-block-quote is-layout-flow wp-block-quote-is-layout-flow\">\n<p class=\"wp-block-paragraph\">Entre las NOM a cancelar, se encuentran las que regulan la atenci\u00f3n m\u00e9dica de c\u00e1ncer de mama y c\u00e1ncer c\u00e9rvico uterino y como consecuencia de la extinci\u00f3n de los procedimientos, desaparecer\u00e1 el est\u00e1ndar del tratamiento.<br><\/p>\n<\/blockquote>\n\n\n\n<p class=\"wp-block-paragraph\">La Comisi\u00f3n de Seguridad Social de la C\u00e1mara de Diputados aprob\u00f3 citar a una reuni\u00f3n de trabajo al subsecretario de Salud, Hugo L\u00f3pez Gatell, para que explique los motivos e implicaciones en la atenci\u00f3n m\u00e9dica por la cancelaci\u00f3n de 35 normas oficiales mexicanas (NOM) en materia de salud p\u00fablica.<br><\/p>\n\n\n\n<p class=\"wp-block-paragraph\">A propuesta de la diputada Lilia Aguilar Gil (PT), la comisi\u00f3n vot\u00f3 el acuerdo por unanimidad y se plante\u00f3 que la Comisi\u00f3n de Salud pueda sumarse a la sesi\u00f3n de trabajo. La presidenta de la comisi\u00f3n, Ivonne Cisneros (Morena), inform\u00f3 que a m\u00e1s tardar ma\u00f1ana enviar\u00e1 el oficio para citar al funcionario.<br><\/p>\n\n\n\n<p class=\"wp-block-paragraph\">Durante la reuni\u00f3n ordinaria de esa instancia de trabajo legislativo, Aguilar Gil record\u00f3 que entre las NOM a cancelar, se encuentran las que regulan la atenci\u00f3n m\u00e9dica de c\u00e1ncer de mama y c\u00e1ncer c\u00e9rvico uterino y resalt\u00f3 que, como consecuencia de la extinci\u00f3n de los procedimientos, desaparecer\u00e1 el est\u00e1ndar del tratamiento.<br><\/p>\n\n\n\n<p class=\"wp-block-paragraph\">\u201cConocemos expresiones del subsecretario, en el sentido de que no afecta; sin embargo, tampoco ha dejado claro por qu\u00e9 y en qu\u00e9 beneficia la desaparici\u00f3n\u201d, indic\u00f3.<br><\/p>\n\n\n\n<p class=\"wp-block-paragraph\">El diputado \u00c9ctor Jaime Ram\u00edrez Barba (PAN) resalt\u00f3 que las normas en metrolog\u00eda prev\u00e9n todo un mecanismo para declarar la desaparici\u00f3n de las NOM, que pasa por un proceso de revisi\u00f3n sistem\u00e1tica, cada cinco a\u00f1os, lo que no se ha hecho con las normas a desaparecer en materia de salud.<br><\/p>\n\n\n\n<p class=\"wp-block-paragraph\">Adem\u00e1s, indic\u00f3, no se pueden cancelar por decisi\u00f3n de una sola autoridad, en este caso de la Secretar\u00eda de Salud.<br><\/p>\n\n\n\n<p class=\"wp-block-paragraph\">\u201cTenemos que verificar que el procedimiento de cancelaci\u00f3n s\u00ed tendr\u00e1 una gran repercusi\u00f3n, y como se ha citado, es como quitar el reglamento de tr\u00e1nsito cuando uno va conduciendo\u201d, abund\u00f3.<br><\/p>\n\n\n\n<p class=\"wp-block-paragraph\">Ivonne Cisneros abund\u00f3 que el prop\u00f3sito de las NOM en la materia es estandarizar en toda la rep\u00fablica y para todo el sistema nacional de salud, la atenci\u00f3n m\u00e9dica que incluye al sector p\u00fablico, privado y social.<br><\/p>\n\n\n\n<p class=\"wp-block-paragraph\">\u201cSu prop\u00f3sito es que, en un sistema fragmentado de salud, no existan diversos criterios de atenci\u00f3n para padecimientos que son comunes. Y est\u00e1 considerado en la pr\u00e1ctica y la literatura como mecanismo de coordinaci\u00f3n asistencial. Es uno de los mecanismos para que las instituciones coordinen la atenci\u00f3n cl\u00ednica\u201d, explic\u00f3.<\/p>\n","protected":false},"excerpt":{"rendered":"<p>Entre las NOM a cancelar, se encuentran las que regulan la atenci\u00f3n m\u00e9dica de c\u00e1ncer de mama y c\u00e1ncer c\u00e9rvico uterino y como consecuencia de la extinci\u00f3n de los procedimientos, desaparecer\u00e1 el est\u00e1ndar del tratamiento. La Comisi\u00f3n de Seguridad Social de la C\u00e1mara de Diputados aprob\u00f3 citar a una reuni\u00f3n de trabajo al subsecretario de [&hellip;]<\/p>\n","protected":false},"author":1,"featured_media":28460,"comment_status":"closed","ping_status":"closed","sticky":false,"template":"","format":"standard","meta":{"footnotes":""},"categories":[30,31],"tags":[],"class_list":["post-28459","post","type-post","status-publish","format-standard","has-post-thumbnail","hentry","category-destacado","category-portada"],"_links":{"self":[{"href":"https:\/\/elinformante.mx\/index.php?rest_route=\/wp\/v2\/posts\/28459","targetHints":{"allow":["GET"]}}],"collection":[{"href":"https:\/\/elinformante.mx\/index.php?rest_route=\/wp\/v2\/posts"}],"about":[{"href":"https:\/\/elinformante.mx\/index.php?rest_route=\/wp\/v2\/types\/post"}],"author":[{"embeddable":true,"href":"https:\/\/elinformante.mx\/index.php?rest_route=\/wp\/v2\/users\/1"}],"replies":[{"embeddable":true,"href":"https:\/\/elinformante.mx\/index.php?rest_route=%2Fwp%2Fv2%2Fcomments&post=28459"}],"version-history":[{"count":0,"href":"https:\/\/elinformante.mx\/index.php?rest_route=\/wp\/v2\/posts\/28459\/revisions"}],"wp:featuredmedia":[{"embeddable":true,"href":"https:\/\/elinformante.mx\/index.php?rest_route=\/wp\/v2\/media\/28460"}],"wp:attachment":[{"href":"https:\/\/elinformante.mx\/index.php?rest_route=%2Fwp%2Fv2%2Fmedia&parent=28459"}],"wp:term":[{"taxonomy":"category","embeddable":true,"href":"https:\/\/elinformante.mx\/index.php?rest_route=%2Fwp%2Fv2%2Fcategories&post=28459"},{"taxonomy":"post_tag","embeddable":true,"href":"https:\/\/elinformante.mx\/index.php?rest_route=%2Fwp%2Fv2%2Ftags&post=28459"}],"curies":[{"name":"wp","href":"https:\/\/api.w.org\/{rel}","templated":true}]}}