{"id":28462,"date":"2023-06-08T15:13:51","date_gmt":"2023-06-08T15:13:51","guid":{"rendered":"https:\/\/elinformante.mx\/?p=28462"},"modified":"2023-06-08T15:13:52","modified_gmt":"2023-06-08T15:13:52","slug":"del-mazo-califica-a-alito-de-ingrato","status":"publish","type":"post","link":"https:\/\/elinformante.mx\/?p=28462","title":{"rendered":"DEL MAZO CALIFICA A \u201cALITO\u201d DE INGRATO"},"content":{"rendered":"\n<blockquote class=\"wp-block-quote is-layout-flow wp-block-quote-is-layout-flow\">\n<p class=\"wp-block-paragraph\">\u201cNo abandon\u00e9 a mi candidata Del Moral\u201d, sostiene.<\/p>\n<\/blockquote>\n\n\n\n<p class=\"wp-block-paragraph\">Luego del triunfo de Delfina G\u00f3mez \u00c1lvarez, el priista Alfredo Del Mazo Maza neg\u00f3 haber entregado el gobierno del Estado de M\u00e9xico a Morena, y calific\u00f3 de \u201cingrato\u201d al l\u00edder nacional del PRI, Alejandro Moreno C\u00e1rdenas.<br><\/p>\n\n\n\n<p class=\"wp-block-paragraph\">En entrevista dijo que \u201chan sido d\u00edas dif\u00edciles, complicados, por el resultado. Fue una elecci\u00f3n en paz, la gente vot\u00f3 de manera libre, se garantiz\u00f3 el orden. Lo que me toca como gobernador es garantizar que ciudadan\u00eda pueda participar de manera democr\u00e1tica. La jornada se llev\u00f3 en paz\u201d.<br><\/p>\n\n\n\n<figure class=\"wp-block-image size-large\"><img fetchpriority=\"high\" decoding=\"async\" width=\"1024\" height=\"503\" src=\"https:\/\/elinformante.mx\/wp-content\/uploads\/2023\/06\/del-mazo-5-1024x503.jpg\" alt=\"\" class=\"wp-image-28464\" srcset=\"https:\/\/elinformante.mx\/wp-content\/uploads\/2023\/06\/del-mazo-5-1024x503.jpg 1024w, https:\/\/elinformante.mx\/wp-content\/uploads\/2023\/06\/del-mazo-5-300x147.jpg 300w, https:\/\/elinformante.mx\/wp-content\/uploads\/2023\/06\/del-mazo-5-768x377.jpg 768w, https:\/\/elinformante.mx\/wp-content\/uploads\/2023\/06\/del-mazo-5-580x285.jpg 580w, https:\/\/elinformante.mx\/wp-content\/uploads\/2023\/06\/del-mazo-5-860x422.jpg 860w, https:\/\/elinformante.mx\/wp-content\/uploads\/2023\/06\/del-mazo-5.jpg 1140w\" sizes=\"(max-width: 1024px) 100vw, 1024px\" \/><\/figure>\n\n\n\n<p class=\"wp-block-paragraph\">Agreg\u00f3: \u201cNo pensaba perder el Estado de M\u00e9xico. Hay que hacer an\u00e1lisis del resultado. La diferencia fue de ocho puntos porcentuales, habla de muy buena campa\u00f1a para remontar diferencia que hab\u00eda. El PRI en el Edom\u00e9x se mantuvo, logr\u00f3 crecer respecto a elecci\u00f3n de 2021, sacamos m\u00e1s votos, el PRI creci\u00f3\u201d.<br><\/p>\n\n\n\n<p class=\"wp-block-paragraph\">Tras la derrota de Alejandra del Moral, Alejandro Moreno dijo que Del Mazo Maza dio la espalda al PRI en la entidad mexiquense.<br><\/p>\n\n\n\n<figure class=\"wp-block-image size-large\"><img decoding=\"async\" width=\"1024\" height=\"503\" src=\"https:\/\/elinformante.mx\/wp-content\/uploads\/2023\/06\/del-mazo-1024x503.jpg\" alt=\"\" class=\"wp-image-28465\" srcset=\"https:\/\/elinformante.mx\/wp-content\/uploads\/2023\/06\/del-mazo-1024x503.jpg 1024w, https:\/\/elinformante.mx\/wp-content\/uploads\/2023\/06\/del-mazo-300x147.jpg 300w, https:\/\/elinformante.mx\/wp-content\/uploads\/2023\/06\/del-mazo-768x377.jpg 768w, https:\/\/elinformante.mx\/wp-content\/uploads\/2023\/06\/del-mazo-580x285.jpg 580w, https:\/\/elinformante.mx\/wp-content\/uploads\/2023\/06\/del-mazo-860x422.jpg 860w, https:\/\/elinformante.mx\/wp-content\/uploads\/2023\/06\/del-mazo.jpg 1140w\" sizes=\"(max-width: 1024px) 100vw, 1024px\" \/><\/figure>\n\n\n\n<p class=\"wp-block-paragraph\">Al respecto, el gobernador dijo que ello es falso- \u201cFalso que abandon\u00e9 a Alejandra del Moral. En todo momento estuve cerca de ella y pendiente de ella. Actuamos respetando la ley. Mi candidata\u2026 es mi candidata, es falso que entregu\u00e9 el gobierno del Estado de M\u00e9xico\u201d.<br><\/p>\n\n\n\n<p class=\"wp-block-paragraph\">Manifest\u00f3 estar dolido por el resultado de la elecci\u00f3n. \u201cEstoy orgulloso del priismo en el Estado de M\u00e9xico. Es ingrato por parte del presidente del PRI que quiera sembrar esta visi\u00f3n en los priistas, es ingrato que no reconozca el esfuerzo que hizo el PRI en el Edom\u00e9x\u201d, dijo.<\/p>\n","protected":false},"excerpt":{"rendered":"<p>\u201cNo abandon\u00e9 a mi candidata Del Moral\u201d, sostiene. Luego del triunfo de Delfina G\u00f3mez \u00c1lvarez, el priista Alfredo Del Mazo Maza neg\u00f3 haber entregado el gobierno del Estado de M\u00e9xico a Morena, y calific\u00f3 de \u201cingrato\u201d al l\u00edder nacional del PRI, Alejandro Moreno C\u00e1rdenas. En entrevista dijo que \u201chan sido d\u00edas dif\u00edciles, complicados, por el [&hellip;]<\/p>\n","protected":false},"author":1,"featured_media":28463,"comment_status":"closed","ping_status":"closed","sticky":false,"template":"","format":"standard","meta":{"footnotes":""},"categories":[30,31],"tags":[],"class_list":["post-28462","post","type-post","status-publish","format-standard","has-post-thumbnail","hentry","category-destacado","category-portada"],"_links":{"self":[{"href":"https:\/\/elinformante.mx\/index.php?rest_route=\/wp\/v2\/posts\/28462","targetHints":{"allow":["GET"]}}],"collection":[{"href":"https:\/\/elinformante.mx\/index.php?rest_route=\/wp\/v2\/posts"}],"about":[{"href":"https:\/\/elinformante.mx\/index.php?rest_route=\/wp\/v2\/types\/post"}],"author":[{"embeddable":true,"href":"https:\/\/elinformante.mx\/index.php?rest_route=\/wp\/v2\/users\/1"}],"replies":[{"embeddable":true,"href":"https:\/\/elinformante.mx\/index.php?rest_route=%2Fwp%2Fv2%2Fcomments&post=28462"}],"version-history":[{"count":0,"href":"https:\/\/elinformante.mx\/index.php?rest_route=\/wp\/v2\/posts\/28462\/revisions"}],"wp:featuredmedia":[{"embeddable":true,"href":"https:\/\/elinformante.mx\/index.php?rest_route=\/wp\/v2\/media\/28463"}],"wp:attachment":[{"href":"https:\/\/elinformante.mx\/index.php?rest_route=%2Fwp%2Fv2%2Fmedia&parent=28462"}],"wp:term":[{"taxonomy":"category","embeddable":true,"href":"https:\/\/elinformante.mx\/index.php?rest_route=%2Fwp%2Fv2%2Fcategories&post=28462"},{"taxonomy":"post_tag","embeddable":true,"href":"https:\/\/elinformante.mx\/index.php?rest_route=%2Fwp%2Fv2%2Ftags&post=28462"}],"curies":[{"name":"wp","href":"https:\/\/api.w.org\/{rel}","templated":true}]}}