{"id":28489,"date":"2023-06-08T19:26:54","date_gmt":"2023-06-08T19:26:54","guid":{"rendered":"https:\/\/elinformante.mx\/?p=28489"},"modified":"2023-06-08T19:26:55","modified_gmt":"2023-06-08T19:26:55","slug":"lopez-obrador-celebra-caida-de-la-inflacion-y-el-fortalecimiento-del-peso","status":"publish","type":"post","link":"https:\/\/elinformante.mx\/?p=28489","title":{"rendered":"L\u00f3pez Obrador celebra ca\u00edda de la inflaci\u00f3n y el fortalecimiento del peso"},"content":{"rendered":"\n<p class=\"wp-block-paragraph\"><strong>AMLO asegur\u00f3 que su plan contra la inflaci\u00f3n est\u00e1 dando resultados<\/strong><\/p>\n\n\n\n<p class=\"wp-block-paragraph\">El mandatario de M\u00e9xico, Andres Manuel L\u00f3pez Obrador, inform\u00f3 este d\u00eda en su conferencia matutina que la inflaci\u00f3n en M\u00e9xico baj\u00f3 respecto a meses anteriores y que el peso se ha fortalecido frente al d\u00f3lar.<\/p>\n\n\n\n<p class=\"wp-block-paragraph\">Desde Palacio Nacional coment\u00f3 que de acuerdo con el Instituto Nacional de Estad\u00edstica y Geograf\u00eda (Inegi), la inflaci\u00f3n en mayo se ubic\u00f3 en 5.8 por ciento, cuando en agosto y septiembre del a\u00f1o pasado estuvo en 8.7 por ciento.<\/p>\n\n\n\n<p class=\"wp-block-paragraph\">El tabasque\u00f1o record\u00f3 que despu\u00e9s de la pandemia, con la guerra de Rusia y Ucrania se produjo en todo el mundo el fen\u00f3meno de crecimiento inflacionario, el cual tambi\u00e9n afect\u00f3 a M\u00e9xico.&nbsp;<\/p>\n\n\n\n<p class=\"wp-block-paragraph\">El dirigente mexicano detall\u00f3 que su plan contra la inflaci\u00f3n el cual consist\u00eda en ofrecer los productos de la canasta a precios bajos y justos ya est\u00e1 dando resultados. Adem\u00e1s, resalt\u00f3 que ayud\u00f3 mucho el que no aumentara el precio de las gasolina, el di\u00e9sel, el gas y el de la luz.<\/p>\n\n\n\n<p class=\"wp-block-paragraph\">En la ma\u00f1anera L\u00f3pez Obrador presumi\u00f3 del tipo de cambio frente al d\u00f3lar, que est\u00e1 en sus mejores niveles desde 2016. Dijo \u201cSigue fortaleci\u00e9ndose el peso, es un fen\u00f3meno. Miren esto, 17.37 pesos por d\u00f3lar. Cuando llegamos estaba a m\u00e1s de 20, y los pron\u00f3sticos de nuestros adversarios eran que se iba a ir hasta 30\u201d.&nbsp;<\/p>\n\n\n\n<p class=\"wp-block-paragraph\">El l\u00edder del Ejecutivo federal coment\u00f3 sobre el crecimiento durante su administraci\u00f3n la cual finaliza en 2024 \u201cLa econom\u00eda est\u00e1 fortalecida y estamos creando crecimiento y bienestar\u201d.&nbsp;&nbsp;&nbsp;<\/p>\n","protected":false},"excerpt":{"rendered":"<p>AMLO asegur\u00f3 que su plan contra la inflaci\u00f3n est\u00e1 dando resultados El mandatario de M\u00e9xico, Andres Manuel L\u00f3pez Obrador, inform\u00f3 este d\u00eda en su conferencia matutina que la inflaci\u00f3n en M\u00e9xico baj\u00f3 respecto a meses anteriores y que el peso se ha fortalecido frente al d\u00f3lar. Desde Palacio Nacional coment\u00f3 que de acuerdo con el [&hellip;]<\/p>\n","protected":false},"author":2,"featured_media":28484,"comment_status":"closed","ping_status":"closed","sticky":false,"template":"","format":"standard","meta":{"footnotes":""},"categories":[34],"tags":[],"class_list":["post-28489","post","type-post","status-publish","format-standard","has-post-thumbnail","hentry","category-nacional"],"_links":{"self":[{"href":"https:\/\/elinformante.mx\/index.php?rest_route=\/wp\/v2\/posts\/28489","targetHints":{"allow":["GET"]}}],"collection":[{"href":"https:\/\/elinformante.mx\/index.php?rest_route=\/wp\/v2\/posts"}],"about":[{"href":"https:\/\/elinformante.mx\/index.php?rest_route=\/wp\/v2\/types\/post"}],"author":[{"embeddable":true,"href":"https:\/\/elinformante.mx\/index.php?rest_route=\/wp\/v2\/users\/2"}],"replies":[{"embeddable":true,"href":"https:\/\/elinformante.mx\/index.php?rest_route=%2Fwp%2Fv2%2Fcomments&post=28489"}],"version-history":[{"count":0,"href":"https:\/\/elinformante.mx\/index.php?rest_route=\/wp\/v2\/posts\/28489\/revisions"}],"wp:featuredmedia":[{"embeddable":true,"href":"https:\/\/elinformante.mx\/index.php?rest_route=\/wp\/v2\/media\/28484"}],"wp:attachment":[{"href":"https:\/\/elinformante.mx\/index.php?rest_route=%2Fwp%2Fv2%2Fmedia&parent=28489"}],"wp:term":[{"taxonomy":"category","embeddable":true,"href":"https:\/\/elinformante.mx\/index.php?rest_route=%2Fwp%2Fv2%2Fcategories&post=28489"},{"taxonomy":"post_tag","embeddable":true,"href":"https:\/\/elinformante.mx\/index.php?rest_route=%2Fwp%2Fv2%2Ftags&post=28489"}],"curies":[{"name":"wp","href":"https:\/\/api.w.org\/{rel}","templated":true}]}}