{"id":28491,"date":"2023-06-08T22:28:19","date_gmt":"2023-06-08T22:28:19","guid":{"rendered":"https:\/\/elinformante.mx\/?p=28491"},"modified":"2023-06-08T22:31:28","modified_gmt":"2023-06-08T22:31:28","slug":"fox-defiende-que-el-creo-los-programas-de-adultos-mayores","status":"publish","type":"post","link":"https:\/\/elinformante.mx\/?p=28491","title":{"rendered":"Fox defiende que \u00e9l cre\u00f3 los programas de adultos mayores"},"content":{"rendered":"\n<p class=\"wp-block-paragraph\"><strong>El exmandatario declar\u00f3 que su gobierno &#8220;s\u00ed fue un periodo en el que vivimos en paz&#8221;<\/strong><\/p>\n\n\n\n<p class=\"wp-block-paragraph\">Mediante un video el PAN y el expresidente de M\u00e9xico Vicente Fox indicaron que bajo su administraci\u00f3n en el periodo 2000-2006 empez\u00f3 el programa de pensiones para personas adultas mayores, adem\u00e1s, resaltaron que\u201c crearon programas sociales que s\u00ed beneficiaban a la gente\u201d.<\/p>\n\n\n\n<p class=\"wp-block-paragraph\">Dichas declaraciones surgieron luego de que el mandatario de M\u00e9xico Andr\u00e9s Manuel L\u00f3pez Obrador se\u00f1al\u00f3 que \u00e9l inici\u00f3 los apoyos para las personas adultas mayores cuando era jefe de gobierno de la CDMX.&nbsp;<\/p>\n\n\n\n<p class=\"wp-block-paragraph\">En el clip difundido en redes sociales Fox mencion\u00f3 \u201cEn mi gobierno comenz\u00f3 en todo el pa\u00eds el programa de adultos mayores 70 y m\u00e1s. Detall\u00f3 \u201cLa diferencia es que hoy se usa con fines pol\u00edtico electorales\u201d. Tambi\u00e9n lament\u00f3 que hayan quitado el Seguro Popular creado en su gobierno.<\/p>\n\n\n\n<p class=\"wp-block-paragraph\">Adem\u00e1s, coment\u00f3 \u201cTambi\u00e9n creamos el IFAI para transparentar todos los niveles de gobierno, y como L\u00f3pez Obrador no quiere que sepan toda la corrupci\u00f3n de sus cercanos, lo quieren desaparecer\u201d.&nbsp;<\/p>\n\n\n\n<p class=\"wp-block-paragraph\">Por \u00faltimo, Fox&nbsp; indic\u00f3 \u201cY te recuerdo que s\u00ed fue un periodo en el que vivimos en paz. Queremos un M\u00e9xico de todas y de todos. M\u00e9xico necesita despertar una vez m\u00e1s. \u00a1Cambiemos M\u00e9xico!\u201d.&nbsp;<\/p>\n","protected":false},"excerpt":{"rendered":"<p>El exmandatario declar\u00f3 que su gobierno &#8220;s\u00ed fue un periodo en el que vivimos en paz&#8221; Mediante un video el PAN y el expresidente de M\u00e9xico Vicente Fox indicaron que bajo su administraci\u00f3n en el periodo 2000-2006 empez\u00f3 el programa de pensiones para personas adultas mayores, adem\u00e1s, resaltaron que\u201c crearon programas sociales que s\u00ed beneficiaban [&hellip;]<\/p>\n","protected":false},"author":2,"featured_media":28492,"comment_status":"closed","ping_status":"closed","sticky":false,"template":"","format":"standard","meta":{"footnotes":""},"categories":[34],"tags":[],"class_list":["post-28491","post","type-post","status-publish","format-standard","has-post-thumbnail","hentry","category-nacional"],"_links":{"self":[{"href":"https:\/\/elinformante.mx\/index.php?rest_route=\/wp\/v2\/posts\/28491","targetHints":{"allow":["GET"]}}],"collection":[{"href":"https:\/\/elinformante.mx\/index.php?rest_route=\/wp\/v2\/posts"}],"about":[{"href":"https:\/\/elinformante.mx\/index.php?rest_route=\/wp\/v2\/types\/post"}],"author":[{"embeddable":true,"href":"https:\/\/elinformante.mx\/index.php?rest_route=\/wp\/v2\/users\/2"}],"replies":[{"embeddable":true,"href":"https:\/\/elinformante.mx\/index.php?rest_route=%2Fwp%2Fv2%2Fcomments&post=28491"}],"version-history":[{"count":0,"href":"https:\/\/elinformante.mx\/index.php?rest_route=\/wp\/v2\/posts\/28491\/revisions"}],"wp:featuredmedia":[{"embeddable":true,"href":"https:\/\/elinformante.mx\/index.php?rest_route=\/wp\/v2\/media\/28492"}],"wp:attachment":[{"href":"https:\/\/elinformante.mx\/index.php?rest_route=%2Fwp%2Fv2%2Fmedia&parent=28491"}],"wp:term":[{"taxonomy":"category","embeddable":true,"href":"https:\/\/elinformante.mx\/index.php?rest_route=%2Fwp%2Fv2%2Fcategories&post=28491"},{"taxonomy":"post_tag","embeddable":true,"href":"https:\/\/elinformante.mx\/index.php?rest_route=%2Fwp%2Fv2%2Ftags&post=28491"}],"curies":[{"name":"wp","href":"https:\/\/api.w.org\/{rel}","templated":true}]}}