{"id":28624,"date":"2023-06-12T14:06:34","date_gmt":"2023-06-12T14:06:34","guid":{"rendered":"https:\/\/elinformante.mx\/?p=28624"},"modified":"2023-06-12T14:06:35","modified_gmt":"2023-06-12T14:06:35","slug":"muerte-asistida-al-issemym","status":"publish","type":"post","link":"https:\/\/elinformante.mx\/?p=28624","title":{"rendered":"\u201cMuerte asistida\u201d al ISSEMYM"},"content":{"rendered":"\n<blockquote class=\"wp-block-quote is-layout-flow wp-block-quote-is-layout-flow\">\n<p>Con la llegada de Morena al gobierno del Estado de M\u00e9xico, el organismo ser\u00e1 absorbido por el IMSS-Bienestar.<\/p>\n<\/blockquote>\n\n\n\n<p>El anuncio de que el Estado de M\u00e9xico se unir\u00e1 al plan de federalizaci\u00f3n de la salud a trav\u00e9s del programa IMSS-Bienestar, ha generado inquietud.<br><\/p>\n\n\n\n<p>El Instituto de Seguridad Social del Estado de M\u00e9xico y Municipios (ISSEMyM), que brinda atenci\u00f3n a los trabajadores del estado y servidores p\u00fablicos, tendr\u00eda que sumarse a este esquema federalizado de atenci\u00f3n a la Salud, a efecto de erradicar la corrupci\u00f3n y brindar un servicio de calidad y oportuno.<br><\/p>\n\n\n\n<p>Uno de los objetivos que se tiene es combatir el desabasto de medicamentos, que es muy socorrido en el ISSEMyM.<br><\/p>\n\n\n\n<figure class=\"wp-block-image size-large\"><img fetchpriority=\"high\" decoding=\"async\" width=\"1024\" height=\"503\" src=\"https:\/\/elinformante.mx\/wp-content\/uploads\/2023\/06\/MUERTE-4-1024x503.jpg\" alt=\"\" class=\"wp-image-28626\" srcset=\"https:\/\/elinformante.mx\/wp-content\/uploads\/2023\/06\/MUERTE-4-1024x503.jpg 1024w, https:\/\/elinformante.mx\/wp-content\/uploads\/2023\/06\/MUERTE-4-300x147.jpg 300w, https:\/\/elinformante.mx\/wp-content\/uploads\/2023\/06\/MUERTE-4-768x377.jpg 768w, https:\/\/elinformante.mx\/wp-content\/uploads\/2023\/06\/MUERTE-4-580x285.jpg 580w, https:\/\/elinformante.mx\/wp-content\/uploads\/2023\/06\/MUERTE-4-860x422.jpg 860w, https:\/\/elinformante.mx\/wp-content\/uploads\/2023\/06\/MUERTE-4.jpg 1140w\" sizes=\"(max-width: 1024px) 100vw, 1024px\" \/><\/figure>\n\n\n\n<p>Sin embargo, hay voces que se han alzado para advertir que la desaparici\u00f3n del ISSEMyM &#8211; o su transformaci\u00f3n &#8211; podr\u00eda generar un riesgo para millones de derecho-habientes.<br><\/p>\n\n\n\n<p>En este sentido, la diputada federal Teresa Castell de Oro, escribi\u00f3 al respecto en su twitter que Con la desaparici\u00f3n del ISSEMyM se quedar\u00e1n sin servicio de salud m\u00e1s de 2 millones de mexiquenses.<br><\/p>\n\n\n\n<p>Los adeudos, las fuertes erogaciones que se hacen por concepto de jubilaciones y pensiones, a lo que se suman los malos manejos administrativos del ISSEMyM, han propiciado que el organismo opere literalmente en n\u00fameros rojos, con riesgo de colapsar en cualquier momento.<br><\/p>\n\n\n\n<figure class=\"wp-block-image size-large\"><img decoding=\"async\" width=\"1024\" height=\"503\" src=\"https:\/\/elinformante.mx\/wp-content\/uploads\/2023\/06\/MUERTE-3-1024x503.jpg\" alt=\"\" class=\"wp-image-28627\" srcset=\"https:\/\/elinformante.mx\/wp-content\/uploads\/2023\/06\/MUERTE-3-1024x503.jpg 1024w, https:\/\/elinformante.mx\/wp-content\/uploads\/2023\/06\/MUERTE-3-300x147.jpg 300w, https:\/\/elinformante.mx\/wp-content\/uploads\/2023\/06\/MUERTE-3-768x377.jpg 768w, https:\/\/elinformante.mx\/wp-content\/uploads\/2023\/06\/MUERTE-3-580x285.jpg 580w, https:\/\/elinformante.mx\/wp-content\/uploads\/2023\/06\/MUERTE-3-860x422.jpg 860w, https:\/\/elinformante.mx\/wp-content\/uploads\/2023\/06\/MUERTE-3.jpg 1140w\" sizes=\"(max-width: 1024px) 100vw, 1024px\" \/><\/figure>\n\n\n\n<p>Hasta el mes de septiembre del 2022 ten\u00eda una cartera de adeudos de cinco mil 337 millones de pesos, principalmente por los cuerpos de guardias.<br><\/p>\n\n\n\n<p>A ello se suma que este a\u00f1o las autoridades destinar\u00e1n 20 mil 834 millones 809 mil 126 pesos para el pago de pensiones.<br><\/p>\n\n\n\n<p>El problema radica en el mal manejo que se ha tenido en el ISSEMyM y por el cual quienes podr\u00edan \u201cpagar los platos rotos\u201d, ser\u00edan los derecho-habientes.<\/p>\n","protected":false},"excerpt":{"rendered":"<p>Con la llegada de Morena al gobierno del Estado de M\u00e9xico, el organismo ser\u00e1 absorbido por el IMSS-Bienestar. El anuncio de que el Estado de M\u00e9xico se unir\u00e1 al plan de federalizaci\u00f3n de la salud a trav\u00e9s del programa IMSS-Bienestar, ha generado inquietud. El Instituto de Seguridad Social del Estado de M\u00e9xico y Municipios (ISSEMyM), [&hellip;]<\/p>\n","protected":false},"author":1,"featured_media":28625,"comment_status":"closed","ping_status":"closed","sticky":false,"template":"","format":"standard","meta":{"footnotes":""},"categories":[30,36],"tags":[],"class_list":["post-28624","post","type-post","status-publish","format-standard","has-post-thumbnail","hentry","category-destacado","category-edomex"],"_links":{"self":[{"href":"https:\/\/elinformante.mx\/index.php?rest_route=\/wp\/v2\/posts\/28624","targetHints":{"allow":["GET"]}}],"collection":[{"href":"https:\/\/elinformante.mx\/index.php?rest_route=\/wp\/v2\/posts"}],"about":[{"href":"https:\/\/elinformante.mx\/index.php?rest_route=\/wp\/v2\/types\/post"}],"author":[{"embeddable":true,"href":"https:\/\/elinformante.mx\/index.php?rest_route=\/wp\/v2\/users\/1"}],"replies":[{"embeddable":true,"href":"https:\/\/elinformante.mx\/index.php?rest_route=%2Fwp%2Fv2%2Fcomments&post=28624"}],"version-history":[{"count":0,"href":"https:\/\/elinformante.mx\/index.php?rest_route=\/wp\/v2\/posts\/28624\/revisions"}],"wp:featuredmedia":[{"embeddable":true,"href":"https:\/\/elinformante.mx\/index.php?rest_route=\/wp\/v2\/media\/28625"}],"wp:attachment":[{"href":"https:\/\/elinformante.mx\/index.php?rest_route=%2Fwp%2Fv2%2Fmedia&parent=28624"}],"wp:term":[{"taxonomy":"category","embeddable":true,"href":"https:\/\/elinformante.mx\/index.php?rest_route=%2Fwp%2Fv2%2Fcategories&post=28624"},{"taxonomy":"post_tag","embeddable":true,"href":"https:\/\/elinformante.mx\/index.php?rest_route=%2Fwp%2Fv2%2Ftags&post=28624"}],"curies":[{"name":"wp","href":"https:\/\/api.w.org\/{rel}","templated":true}]}}