{"id":28632,"date":"2023-06-12T14:11:18","date_gmt":"2023-06-12T14:11:18","guid":{"rendered":"https:\/\/elinformante.mx\/?p=28632"},"modified":"2023-06-12T14:11:19","modified_gmt":"2023-06-12T14:11:19","slug":"unidad-en-morena-hacia-el-2024","status":"publish","type":"post","link":"https:\/\/elinformante.mx\/?p=28632","title":{"rendered":"\u00a1UNIDAD EN MORENA HACIA EL 2024!"},"content":{"rendered":"\n<blockquote class=\"wp-block-quote is-layout-flow wp-block-quote-is-layout-flow\">\n<p>\u2018Corcholatas\u2019 firman acuerdo por la unidad; el 6 de septiembre se anunciar\u00e1 el candidato de Morena.<\/p>\n<\/blockquote>\n\n\n\n<p>Este domingo se celebr\u00f3 el Consejo Nacional de Morena en el que se defini\u00f3 el proceso de selecci\u00f3n del candidato presidencial para el proceso electoral de 2024, en el que el partido ir\u00e1 con los Partidos del Trabajo y el Verde Ecologista de M\u00e9xico.<br><\/p>\n\n\n\n<p>El encuentro reuni\u00f3 a seis principales contendientes: Claudia Sheinbaum, Marcelo Ebrard, Ad\u00e1n Augusto L\u00f3pez, Ricardo Monreal, Gerardo Fern\u00e1ndez Noro\u00f1a y Manuel Velasco.<br><\/p>\n\n\n\n<p>Tras este encuentro, se acord\u00f3 que Morena y sus aliados cerrar\u00e1n filas con la persona que resulte ganadora del proceso de selecci\u00f3n y antes de su selecci\u00f3n como candidato, ser\u00e1 nombrado como coordinador de los Comit\u00e9s de Defensa de la Cuarta Transformaci\u00f3n.<br><\/p>\n\n\n\n<p>En el proceso podr\u00e1n participar hasta seis aspirantes, cuatro de Morena y uno del PT y el PVEM respectivamente.<br><\/p>\n\n\n\n<figure class=\"wp-block-image size-large\"><img fetchpriority=\"high\" decoding=\"async\" width=\"1024\" height=\"503\" src=\"https:\/\/elinformante.mx\/wp-content\/uploads\/2023\/06\/unidad-3-1024x503.jpg\" alt=\"\" class=\"wp-image-28634\" srcset=\"https:\/\/elinformante.mx\/wp-content\/uploads\/2023\/06\/unidad-3-1024x503.jpg 1024w, https:\/\/elinformante.mx\/wp-content\/uploads\/2023\/06\/unidad-3-300x147.jpg 300w, https:\/\/elinformante.mx\/wp-content\/uploads\/2023\/06\/unidad-3-768x377.jpg 768w, https:\/\/elinformante.mx\/wp-content\/uploads\/2023\/06\/unidad-3-580x285.jpg 580w, https:\/\/elinformante.mx\/wp-content\/uploads\/2023\/06\/unidad-3-860x422.jpg 860w, https:\/\/elinformante.mx\/wp-content\/uploads\/2023\/06\/unidad-3.jpg 1140w\" sizes=\"(max-width: 1024px) 100vw, 1024px\" \/><\/figure>\n\n\n\n<p>El registro para los aspirantes ser\u00e1 del 12 al 16 de junio.<br><\/p>\n\n\n\n<p>A partir del 19 de junio, las \u2018corcholatas\u2018 podr\u00e1n iniciar sus recorridos por el pa\u00eds para compartir sus propuestas, que concluir\u00e1 el 27 de agosto.<br><\/p>\n\n\n\n<p>Las encuestas para definir al candidato se realizar\u00e1n del 28 de agosto al 3 de septiembre. Se aplicar\u00e1 una encuesta cargo del partido y cuatro encuestas espejo; los aspirantes propondr\u00e1n a dos empresas encuestadores y se har\u00e1 un sorteo para seleccionarlas.<br><\/p>\n\n\n\n<p>El 6 de septiembre, se anunciar\u00e1 al candidato a la Presidencia tras la realizaci\u00f3n de la encuesta.<br><\/p>\n\n\n\n<figure class=\"wp-block-image size-large\"><img decoding=\"async\" width=\"1024\" height=\"503\" src=\"https:\/\/elinformante.mx\/wp-content\/uploads\/2023\/06\/unidad-4-1024x503.jpg\" alt=\"\" class=\"wp-image-28635\" srcset=\"https:\/\/elinformante.mx\/wp-content\/uploads\/2023\/06\/unidad-4-1024x503.jpg 1024w, https:\/\/elinformante.mx\/wp-content\/uploads\/2023\/06\/unidad-4-300x147.jpg 300w, https:\/\/elinformante.mx\/wp-content\/uploads\/2023\/06\/unidad-4-768x377.jpg 768w, https:\/\/elinformante.mx\/wp-content\/uploads\/2023\/06\/unidad-4-580x285.jpg 580w, https:\/\/elinformante.mx\/wp-content\/uploads\/2023\/06\/unidad-4-860x422.jpg 860w, https:\/\/elinformante.mx\/wp-content\/uploads\/2023\/06\/unidad-4.jpg 1140w\" sizes=\"(max-width: 1024px) 100vw, 1024px\" \/><\/figure>\n\n\n\n<p>No habr\u00e1 debates ni confrontaciones; prohibido el uso de recursos p\u00fablicos, de empresas o del crimen organizado; no podr\u00e1n intervenir el presidente L\u00f3pez Obrador, su gabinete federal, ni los gobernadores.<br><\/p>\n\n\n\n<p>Todos los aspirantes deber\u00e1n separarse de sus cargos para participar.<br><\/p>\n\n\n\n<p>Entre las figuras que no han presentado formalmente su renuncia para participar en la carrera presidencial se encuentran la jefa de Gobierno capitalina, Claudia Sheinbaum; y el secretario de Gobernaci\u00f3n, Ad\u00e1n Augusto L\u00f3pez. Ambos adelantaron que tomar\u00e1n la decisi\u00f3n tras la celebraci\u00f3n de este Consejo Nacional.<br><\/p>\n\n\n\n<p>En contraste, la primer figura que anunci\u00f3 su renuncia fue Marcelo Ebrard Casaub\u00f3n, quien abandonar\u00e1 la Secretar\u00eda de Relaciones Exteriores a partir del lunes. Ricardo Monreal, Gerardo Fern\u00e1ndez Noro\u00f1a y Manuel Velasco solicitaron su licencia a sus cargos de legisladores a lo largo de la semana.<br><\/p>\n\n\n\n<p>En el Consejo Nacional se defini\u00f3 que ni el presidente Andr\u00e9s Manuel L\u00f3pez Obrador; ni los miembros del gabinete federal; ni los gobernadores podr\u00e1n intervenir en el proceso de selecci\u00f3n de candidato a la Presidencia.<\/p>\n\n\n\n<figure class=\"wp-block-image size-large\"><img decoding=\"async\" width=\"1024\" height=\"503\" src=\"https:\/\/elinformante.mx\/wp-content\/uploads\/2023\/06\/unidad-6-1024x503.jpg\" alt=\"\" class=\"wp-image-28636\" srcset=\"https:\/\/elinformante.mx\/wp-content\/uploads\/2023\/06\/unidad-6-1024x503.jpg 1024w, https:\/\/elinformante.mx\/wp-content\/uploads\/2023\/06\/unidad-6-300x147.jpg 300w, https:\/\/elinformante.mx\/wp-content\/uploads\/2023\/06\/unidad-6-768x377.jpg 768w, https:\/\/elinformante.mx\/wp-content\/uploads\/2023\/06\/unidad-6-580x285.jpg 580w, https:\/\/elinformante.mx\/wp-content\/uploads\/2023\/06\/unidad-6-860x422.jpg 860w, https:\/\/elinformante.mx\/wp-content\/uploads\/2023\/06\/unidad-6.jpg 1140w\" sizes=\"(max-width: 1024px) 100vw, 1024px\" \/><\/figure>\n","protected":false},"excerpt":{"rendered":"<p>\u2018Corcholatas\u2019 firman acuerdo por la unidad; el 6 de septiembre se anunciar\u00e1 el candidato de Morena. Este domingo se celebr\u00f3 el Consejo Nacional de Morena en el que se defini\u00f3 el proceso de selecci\u00f3n del candidato presidencial para el proceso electoral de 2024, en el que el partido ir\u00e1 con los Partidos del Trabajo y [&hellip;]<\/p>\n","protected":false},"author":1,"featured_media":28633,"comment_status":"closed","ping_status":"closed","sticky":false,"template":"","format":"standard","meta":{"footnotes":""},"categories":[30,31],"tags":[],"class_list":["post-28632","post","type-post","status-publish","format-standard","has-post-thumbnail","hentry","category-destacado","category-portada"],"_links":{"self":[{"href":"https:\/\/elinformante.mx\/index.php?rest_route=\/wp\/v2\/posts\/28632","targetHints":{"allow":["GET"]}}],"collection":[{"href":"https:\/\/elinformante.mx\/index.php?rest_route=\/wp\/v2\/posts"}],"about":[{"href":"https:\/\/elinformante.mx\/index.php?rest_route=\/wp\/v2\/types\/post"}],"author":[{"embeddable":true,"href":"https:\/\/elinformante.mx\/index.php?rest_route=\/wp\/v2\/users\/1"}],"replies":[{"embeddable":true,"href":"https:\/\/elinformante.mx\/index.php?rest_route=%2Fwp%2Fv2%2Fcomments&post=28632"}],"version-history":[{"count":0,"href":"https:\/\/elinformante.mx\/index.php?rest_route=\/wp\/v2\/posts\/28632\/revisions"}],"wp:featuredmedia":[{"embeddable":true,"href":"https:\/\/elinformante.mx\/index.php?rest_route=\/wp\/v2\/media\/28633"}],"wp:attachment":[{"href":"https:\/\/elinformante.mx\/index.php?rest_route=%2Fwp%2Fv2%2Fmedia&parent=28632"}],"wp:term":[{"taxonomy":"category","embeddable":true,"href":"https:\/\/elinformante.mx\/index.php?rest_route=%2Fwp%2Fv2%2Fcategories&post=28632"},{"taxonomy":"post_tag","embeddable":true,"href":"https:\/\/elinformante.mx\/index.php?rest_route=%2Fwp%2Fv2%2Ftags&post=28632"}],"curies":[{"name":"wp","href":"https:\/\/api.w.org\/{rel}","templated":true}]}}