{"id":28645,"date":"2023-06-12T14:32:09","date_gmt":"2023-06-12T14:32:09","guid":{"rendered":"https:\/\/elinformante.mx\/?p=28645"},"modified":"2023-06-12T14:32:10","modified_gmt":"2023-06-12T14:32:10","slug":"ferrari-volvio-y-gano-en-lemans-despues-de-cinco-decadas","status":"publish","type":"post","link":"https:\/\/elinformante.mx\/?p=28645","title":{"rendered":"Ferrari volvi\u00f3 y gan\u00f3 en LeMans despu\u00e9s de cinco d\u00e9cadas"},"content":{"rendered":"\n<blockquote class=\"wp-block-quote is-layout-flow wp-block-quote-is-layout-flow\">\n<p>\u201cLa Scuderia\u201d se llev\u00f3 la edici\u00f3n de los 100 a\u00f1os, el mexicano Memo Rojas qued\u00f3 en la posici\u00f3n 19.<\/p>\n<\/blockquote>\n\n\n\n<p>57 a\u00f1os tuvieron que pasar para que la escuder\u00eda Ferrari pudiera volver a competir en las 24 horas de LeMans, despu\u00e9s de m\u00e1s de cinco d\u00e9cadas el mono rojo del automovilismo hizo lo suyo y se llev\u00f3 la m\u00e1xima carrera de resistencia.<br><\/p>\n\n\n\n<p>El 499P h\u00edbrido de la escuder\u00eda italiana fue conducido por James Calado, Alessandro Pier Guidi y por el expiloto de F\u00f3rmula 1, Antonio Giovinazzi, nombres que quedar\u00e1n en la historia de la competici\u00f3n.<br><\/p>\n\n\n\n<p>Ferrari dej\u00f3 en segundo lugar a los dominadores del endurance: Toyota, quienes no pudieron soportar la presi\u00f3n nocturna de los italianos y terminaron perdiendo el primer puesto cerca de las 21 horas de competici\u00f3n.<br><\/p>\n\n\n\n<p>En LeMans participaron los mexicanos Esteban Guti\u00e9rrez y Memo Rojas, este \u00faltimo terminando las 24 horas en la posici\u00f3n 19 en el Oreca 07, la siguiente carrera en el calendario se llevar\u00e1 a cabo en Spa-Francoschamps en B\u00e9lgica.<\/p>\n","protected":false},"excerpt":{"rendered":"<p>\u201cLa Scuderia\u201d se llev\u00f3 la edici\u00f3n de los 100 a\u00f1os, el mexicano Memo Rojas qued\u00f3 en la posici\u00f3n 19. 57 a\u00f1os tuvieron que pasar para que la escuder\u00eda Ferrari pudiera volver a competir en las 24 horas de LeMans, despu\u00e9s de m\u00e1s de cinco d\u00e9cadas el mono rojo del automovilismo hizo lo suyo y se [&hellip;]<\/p>\n","protected":false},"author":1,"featured_media":28646,"comment_status":"closed","ping_status":"closed","sticky":false,"template":"","format":"standard","meta":{"footnotes":""},"categories":[38],"tags":[],"class_list":["post-28645","post","type-post","status-publish","format-standard","has-post-thumbnail","hentry","category-deportes"],"_links":{"self":[{"href":"https:\/\/elinformante.mx\/index.php?rest_route=\/wp\/v2\/posts\/28645","targetHints":{"allow":["GET"]}}],"collection":[{"href":"https:\/\/elinformante.mx\/index.php?rest_route=\/wp\/v2\/posts"}],"about":[{"href":"https:\/\/elinformante.mx\/index.php?rest_route=\/wp\/v2\/types\/post"}],"author":[{"embeddable":true,"href":"https:\/\/elinformante.mx\/index.php?rest_route=\/wp\/v2\/users\/1"}],"replies":[{"embeddable":true,"href":"https:\/\/elinformante.mx\/index.php?rest_route=%2Fwp%2Fv2%2Fcomments&post=28645"}],"version-history":[{"count":0,"href":"https:\/\/elinformante.mx\/index.php?rest_route=\/wp\/v2\/posts\/28645\/revisions"}],"wp:featuredmedia":[{"embeddable":true,"href":"https:\/\/elinformante.mx\/index.php?rest_route=\/wp\/v2\/media\/28646"}],"wp:attachment":[{"href":"https:\/\/elinformante.mx\/index.php?rest_route=%2Fwp%2Fv2%2Fmedia&parent=28645"}],"wp:term":[{"taxonomy":"category","embeddable":true,"href":"https:\/\/elinformante.mx\/index.php?rest_route=%2Fwp%2Fv2%2Fcategories&post=28645"},{"taxonomy":"post_tag","embeddable":true,"href":"https:\/\/elinformante.mx\/index.php?rest_route=%2Fwp%2Fv2%2Ftags&post=28645"}],"curies":[{"name":"wp","href":"https:\/\/api.w.org\/{rel}","templated":true}]}}