{"id":28654,"date":"2023-06-12T14:35:55","date_gmt":"2023-06-12T14:35:55","guid":{"rendered":"https:\/\/elinformante.mx\/?p=28654"},"modified":"2023-06-12T14:35:56","modified_gmt":"2023-06-12T14:35:56","slug":"trabajan-de-la-mano-gem-y-la-uaemex","status":"publish","type":"post","link":"https:\/\/elinformante.mx\/?p=28654","title":{"rendered":"Trabajan de la mano GEM y la UAEM\u00e9x"},"content":{"rendered":"\n<blockquote class=\"wp-block-quote is-layout-flow wp-block-quote-is-layout-flow\">\n<p>Alfredo Del Mazo puso en marcha el laboratorio de realidad virtual y edici\u00f3n digital en la Facultad de Arquitectura y Dise\u00f1o de la UAEM.<\/p>\n<\/blockquote>\n\n\n\n<p>El Gobernador Alfredo Del Mazo Maza entreg\u00f3 el Laboratorio de Realidad Virtual y Edici\u00f3n Digital, ubicado en el Centro de Innovaci\u00f3n y Dise\u00f1o de la Facultad de Arquitectura, de la Universidad Aut\u00f3noma del Estado de M\u00e9xico (UAEM).<br><\/p>\n\n\n\n<p>El objetivo de dicha acci\u00f3n, es la de otorgar a los universitarios mejores herramientas que impulsen su formaci\u00f3n profesional en sus centros de estudio, con un laboratorio de realidad virtual, aumentada y mixta, con un \u00e1rea de impresi\u00f3n y escaneo en 3D, donde se desarrollar\u00e1n escenarios inmersivos y digitales aplicables a la docencia, la capacitaci\u00f3n y la investigaci\u00f3n.<br><\/p>\n\n\n\n<figure class=\"wp-block-image size-large\"><img fetchpriority=\"high\" decoding=\"async\" width=\"1024\" height=\"503\" src=\"https:\/\/elinformante.mx\/wp-content\/uploads\/2023\/06\/trabaja-3-1024x503.jpg\" alt=\"\" class=\"wp-image-28656\" srcset=\"https:\/\/elinformante.mx\/wp-content\/uploads\/2023\/06\/trabaja-3-1024x503.jpg 1024w, https:\/\/elinformante.mx\/wp-content\/uploads\/2023\/06\/trabaja-3-300x147.jpg 300w, https:\/\/elinformante.mx\/wp-content\/uploads\/2023\/06\/trabaja-3-768x377.jpg 768w, https:\/\/elinformante.mx\/wp-content\/uploads\/2023\/06\/trabaja-3-580x285.jpg 580w, https:\/\/elinformante.mx\/wp-content\/uploads\/2023\/06\/trabaja-3-860x422.jpg 860w, https:\/\/elinformante.mx\/wp-content\/uploads\/2023\/06\/trabaja-3.jpg 1140w\" sizes=\"(max-width: 1024px) 100vw, 1024px\" \/><\/figure>\n\n\n\n<p>Junto al Rector de la UAEM, Carlos Eduardo Barrera D\u00edaz, el mandatario mexiquense conoci\u00f3 los pormenores para habilitar este nuevo espacio, el cual, entre otros objetivos, detonar\u00e1 el desarrollo de sectores estrat\u00e9gicos como el industrial, m\u00e9dico y acad\u00e9mico.<br><\/p>\n\n\n\n<p>A partir de la puesta en operaci\u00f3n de este laboratorio, el Centro de Innovaci\u00f3n y Dise\u00f1o podr\u00e1 brindar servicios de realidad virtual a microempresas, startups y diversos sectores industriales, al tiempo de fortalecer la infraestructura universitaria y orientar la educaci\u00f3n de las y los j\u00f3venes hacia las nuevas necesidades globales del mercado.<br><\/p>\n\n\n\n<p>El Gobierno del Estado de M\u00e9xico respalda con este laboratorio el desarrollo tecnol\u00f3gico y la innovaci\u00f3n, pues son herramientas que fortalecen los procesos en diversos sectores y son fundamentales en los programas educativos al brindar a la comunidad acad\u00e9mica medios para competir en la econom\u00eda actual.<br><\/p>\n\n\n\n<figure class=\"wp-block-image size-large\"><img decoding=\"async\" width=\"1024\" height=\"503\" src=\"https:\/\/elinformante.mx\/wp-content\/uploads\/2023\/06\/trabaja-1024x503.jpg\" alt=\"\" class=\"wp-image-28657\" srcset=\"https:\/\/elinformante.mx\/wp-content\/uploads\/2023\/06\/trabaja-1024x503.jpg 1024w, https:\/\/elinformante.mx\/wp-content\/uploads\/2023\/06\/trabaja-300x147.jpg 300w, https:\/\/elinformante.mx\/wp-content\/uploads\/2023\/06\/trabaja-768x377.jpg 768w, https:\/\/elinformante.mx\/wp-content\/uploads\/2023\/06\/trabaja-580x285.jpg 580w, https:\/\/elinformante.mx\/wp-content\/uploads\/2023\/06\/trabaja-860x422.jpg 860w, https:\/\/elinformante.mx\/wp-content\/uploads\/2023\/06\/trabaja.jpg 1140w\" sizes=\"(max-width: 1024px) 100vw, 1024px\" \/><\/figure>\n\n\n\n<p>En el recorrido que realiz\u00f3 por este laboratorio, situado en la Facultad de Arquitectura y Dise\u00f1o de la UAEM, en Toluca, el Gobernador salud\u00f3 a docentes y alumnos de este campus, donde tambi\u00e9n conoci\u00f3 algunos proyectos de becarios de la UAEM, entre ellos, el sendero interpretativo virtual Cerro del Dios Tolo, simuladores virtuales de punci\u00f3n lumbar, adem\u00e1s del scanner l\u00e1ser de objetos.<br><\/p>\n\n\n\n<p>En su visita, tambi\u00e9n recorri\u00f3 las \u00e1reas de impresi\u00f3n 3D, de inmersi\u00f3n, site y dise\u00f1o de contenidos, donde estuvo acompa\u00f1ado por los Secretarios de Finanzas y Educaci\u00f3n, Rodrigo Jarque Lira y Gerardo Monroy Serrano, respectivamente, por el Director General del Consejo Mexiquense de Ciencia y Tecnolog\u00eda, Bernardo Almaraz Calder\u00f3n, entre otros funcionarios y acad\u00e9micos de esta universidad.<\/p>\n","protected":false},"excerpt":{"rendered":"<p>Alfredo Del Mazo puso en marcha el laboratorio de realidad virtual y edici\u00f3n digital en la Facultad de Arquitectura y Dise\u00f1o de la UAEM. El Gobernador Alfredo Del Mazo Maza entreg\u00f3 el Laboratorio de Realidad Virtual y Edici\u00f3n Digital, ubicado en el Centro de Innovaci\u00f3n y Dise\u00f1o de la Facultad de Arquitectura, de la Universidad [&hellip;]<\/p>\n","protected":false},"author":1,"featured_media":28655,"comment_status":"closed","ping_status":"closed","sticky":false,"template":"","format":"standard","meta":{"footnotes":""},"categories":[30,36],"tags":[],"class_list":["post-28654","post","type-post","status-publish","format-standard","has-post-thumbnail","hentry","category-destacado","category-edomex"],"_links":{"self":[{"href":"https:\/\/elinformante.mx\/index.php?rest_route=\/wp\/v2\/posts\/28654","targetHints":{"allow":["GET"]}}],"collection":[{"href":"https:\/\/elinformante.mx\/index.php?rest_route=\/wp\/v2\/posts"}],"about":[{"href":"https:\/\/elinformante.mx\/index.php?rest_route=\/wp\/v2\/types\/post"}],"author":[{"embeddable":true,"href":"https:\/\/elinformante.mx\/index.php?rest_route=\/wp\/v2\/users\/1"}],"replies":[{"embeddable":true,"href":"https:\/\/elinformante.mx\/index.php?rest_route=%2Fwp%2Fv2%2Fcomments&post=28654"}],"version-history":[{"count":0,"href":"https:\/\/elinformante.mx\/index.php?rest_route=\/wp\/v2\/posts\/28654\/revisions"}],"wp:featuredmedia":[{"embeddable":true,"href":"https:\/\/elinformante.mx\/index.php?rest_route=\/wp\/v2\/media\/28655"}],"wp:attachment":[{"href":"https:\/\/elinformante.mx\/index.php?rest_route=%2Fwp%2Fv2%2Fmedia&parent=28654"}],"wp:term":[{"taxonomy":"category","embeddable":true,"href":"https:\/\/elinformante.mx\/index.php?rest_route=%2Fwp%2Fv2%2Fcategories&post=28654"},{"taxonomy":"post_tag","embeddable":true,"href":"https:\/\/elinformante.mx\/index.php?rest_route=%2Fwp%2Fv2%2Ftags&post=28654"}],"curies":[{"name":"wp","href":"https:\/\/api.w.org\/{rel}","templated":true}]}}