{"id":28680,"date":"2023-06-12T15:22:15","date_gmt":"2023-06-12T15:22:15","guid":{"rendered":"https:\/\/elinformante.mx\/?p=28680"},"modified":"2023-06-12T15:22:16","modified_gmt":"2023-06-12T15:22:16","slug":"morelia-puede-disponer-de-110-mdp-del-faeispum-para-mercado-independencia-ramirez-bedolla","status":"publish","type":"post","link":"https:\/\/elinformante.mx\/?p=28680","title":{"rendered":"Morelia puede disponer de 110 mdp del Faeispum para Mercado Independencia: Ram\u00edrez Bedolla"},"content":{"rendered":"\n<blockquote class=\"wp-block-quote is-layout-flow wp-block-quote-is-layout-flow\">\n<p>De acuerdo con lo informado por la FGE, el incendio en el Mercado Independencia del pasado 20 de mayo, fue originado por mantenimientos improvisados e inadecuados que originaron el sobrecalentamiento de un centro de carga de energ\u00eda.<\/p>\n<\/blockquote>\n\n\n\n<p>El gobernador Alfredo Ram\u00edrez Bedolla inform\u00f3 que el municipio de Morelia, puede disponer de hasta 110 millones 498 mil pesos del Fondo de Aportaciones Estatales para la Infraestructura de los Servicios P\u00fablicos Municipales (Faeispum), para rehabilitar el Mercado Independencia.<br><\/p>\n\n\n\n<p>Lo anterior evitar\u00eda que el municipio se endeude m\u00e1s, con nuevos financiamientos, para reparar la infraestructura afectada por el incendio del pasado 20 de mayo.<br><\/p>\n\n\n\n<p>El mandatario estatal asegur\u00f3 que el Gobierno de Michoac\u00e1n tiene las condiciones para autorizar, de manera inmediata, el recurso necesario para ejecutar el proyecto de obra, previa solicitud del Ayuntamiento.<br><\/p>\n\n\n\n<p>Destac\u00f3 que, por tratarse de una infraestructura necesaria y urgente por los servicios que en ella se ofrecen, ser\u00eda una buena decisi\u00f3n del municipio, ingresar lo m\u00e1s pronto posible la propuesta para avanzar con su respectiva aprobaci\u00f3n.<br><\/p>\n\n\n\n<p>\u201cDisponer de este fondo para rehabilitar el Mercado Independencia ser\u00eda una inversi\u00f3n adecuada\u201d, coment\u00f3 el gobernador tras reiterar que la administraci\u00f3n estatal est\u00e1 dispuesta a entregar ese recurso para reparar los da\u00f1os estructurales en el estacionamiento, locales y fachadas siniestradas por el fuego.<br><\/p>\n\n\n\n<p>Cabe destacar que en d\u00edas pasados el presidente municipal de la capital michoacana, Alfonso Mart\u00ednez Alc\u00e1zar, anunci\u00f3 la elaboraci\u00f3n de un proyecto en dos etapas para remodelar de forma integral el Mercado Independencia, el cual se presentar\u00e1 en breve al Congreso del Estado para contar con los recursos suficientes que permitan desarrollar esta magna obra que beneficiar\u00e1 a comerciantes y a miles de morelianas y morelianos.<\/p>\n","protected":false},"excerpt":{"rendered":"<p>De acuerdo con lo informado por la FGE, el incendio en el Mercado Independencia del pasado 20 de mayo, fue originado por mantenimientos improvisados e inadecuados que originaron el sobrecalentamiento de un centro de carga de energ\u00eda. El gobernador Alfredo Ram\u00edrez Bedolla inform\u00f3 que el municipio de Morelia, puede disponer de hasta 110 millones 498 [&hellip;]<\/p>\n","protected":false},"author":1,"featured_media":28681,"comment_status":"closed","ping_status":"closed","sticky":false,"template":"","format":"standard","meta":{"footnotes":""},"categories":[30,34],"tags":[],"class_list":["post-28680","post","type-post","status-publish","format-standard","has-post-thumbnail","hentry","category-destacado","category-nacional"],"_links":{"self":[{"href":"https:\/\/elinformante.mx\/index.php?rest_route=\/wp\/v2\/posts\/28680","targetHints":{"allow":["GET"]}}],"collection":[{"href":"https:\/\/elinformante.mx\/index.php?rest_route=\/wp\/v2\/posts"}],"about":[{"href":"https:\/\/elinformante.mx\/index.php?rest_route=\/wp\/v2\/types\/post"}],"author":[{"embeddable":true,"href":"https:\/\/elinformante.mx\/index.php?rest_route=\/wp\/v2\/users\/1"}],"replies":[{"embeddable":true,"href":"https:\/\/elinformante.mx\/index.php?rest_route=%2Fwp%2Fv2%2Fcomments&post=28680"}],"version-history":[{"count":0,"href":"https:\/\/elinformante.mx\/index.php?rest_route=\/wp\/v2\/posts\/28680\/revisions"}],"wp:featuredmedia":[{"embeddable":true,"href":"https:\/\/elinformante.mx\/index.php?rest_route=\/wp\/v2\/media\/28681"}],"wp:attachment":[{"href":"https:\/\/elinformante.mx\/index.php?rest_route=%2Fwp%2Fv2%2Fmedia&parent=28680"}],"wp:term":[{"taxonomy":"category","embeddable":true,"href":"https:\/\/elinformante.mx\/index.php?rest_route=%2Fwp%2Fv2%2Fcategories&post=28680"},{"taxonomy":"post_tag","embeddable":true,"href":"https:\/\/elinformante.mx\/index.php?rest_route=%2Fwp%2Fv2%2Ftags&post=28680"}],"curies":[{"name":"wp","href":"https:\/\/api.w.org\/{rel}","templated":true}]}}