{"id":28683,"date":"2023-06-12T15:23:27","date_gmt":"2023-06-12T15:23:27","guid":{"rendered":"https:\/\/elinformante.mx\/?p=28683"},"modified":"2023-06-12T15:23:28","modified_gmt":"2023-06-12T15:23:28","slug":"afianza-uaemex-su-lugar-como-universidad-sostenible-cebd","status":"publish","type":"post","link":"https:\/\/elinformante.mx\/?p=28683","title":{"rendered":"Afianza UAEM\u00e9x su lugar como Universidad Sostenible: CEBD"},"content":{"rendered":"\n<blockquote class=\"wp-block-quote is-layout-flow wp-block-quote-is-layout-flow\">\n<p>El rector Carlos Eduardo Barrera D\u00edaz encabez\u00f3 el cuarto informe de actividades del director de la Facultad de Econom\u00eda, Alejandro Alan\u00eds Chico.<\/p>\n<\/blockquote>\n\n\n\n<p>La Universidad Aut\u00f3noma del Estado de M\u00e9xico (UAEM\u00e9x) escal\u00f3 dos posiciones y hoy ocupa el sexto lugar en cuanto al cumplimiento de 17 Objetivos de Desarrollo Sostenible entre todas las instituciones de educaci\u00f3n superior p\u00fablicas y privadas del pa\u00eds, de acuerdo con el Ranking Times Higher Education (THE), destac\u00f3 el rector Carlos Eduardo Barrera D\u00edaz, al encabezar el cuarto informe de actividades del director de la Facultad de Econom\u00eda, Alejandro Alan\u00eds Chico.<br><\/p>\n\n\n\n<p>En el marco de este ejercicio de rendici\u00f3n de cuentas y despu\u00e9s de entregar 62 computadoras de escritorio \u2013con las que ya suman 102 entregadas durante este a\u00f1o- y 10 port\u00e1tiles para tres salas de c\u00f3mputo de la Facultad, el rector asever\u00f3 que la comunidad de Econom\u00eda contribuye de manera sustancial a la formaci\u00f3n de nuevos profesionales, cuyas competencias est\u00e1n orientadas a ampliar las oportunidades de los mexicanos por medio del empleo y los negocios, as\u00ed como propiciando condiciones adecuadas mediante el funcionamiento responsable de las pol\u00edticas p\u00fablicas.<br><\/p>\n\n\n\n<figure class=\"wp-block-image size-large\"><img fetchpriority=\"high\" decoding=\"async\" width=\"1024\" height=\"503\" src=\"https:\/\/elinformante.mx\/wp-content\/uploads\/2023\/06\/afianzan-2-1024x503.jpg\" alt=\"\" class=\"wp-image-28685\" srcset=\"https:\/\/elinformante.mx\/wp-content\/uploads\/2023\/06\/afianzan-2-1024x503.jpg 1024w, https:\/\/elinformante.mx\/wp-content\/uploads\/2023\/06\/afianzan-2-300x147.jpg 300w, https:\/\/elinformante.mx\/wp-content\/uploads\/2023\/06\/afianzan-2-768x377.jpg 768w, https:\/\/elinformante.mx\/wp-content\/uploads\/2023\/06\/afianzan-2-580x285.jpg 580w, https:\/\/elinformante.mx\/wp-content\/uploads\/2023\/06\/afianzan-2-860x422.jpg 860w, https:\/\/elinformante.mx\/wp-content\/uploads\/2023\/06\/afianzan-2.jpg 1140w\" sizes=\"(max-width: 1024px) 100vw, 1024px\" \/><\/figure>\n\n\n\n<p>Adem\u00e1s, expres\u00f3, resulta alentador observar que cada vez hay m\u00e1s mujeres dedicadas a las ciencias econ\u00f3micas, que hoy conforman 56.7 por ciento de la matr\u00edcula total de estudios profesionales en esta facultad, la cual suma mil 931 estudiantes de licenciatura.<br><\/p>\n\n\n\n<p>De igual manera, puntualiz\u00f3 que, gracias al programa de movilidad, 53 alumnos de esta comunidad acad\u00e9mica realizaron pr\u00e1cticas profesionales e interacciones colaborativas en l\u00ednea, y transferencia de cr\u00e9ditos internacionales en instituciones de Argentina, Per\u00fa, Uruguay y Corea del Sur, as\u00ed como en Alemania, Espa\u00f1a, Finlandia, Polonia y Rep\u00fablica Checa.<br><\/p>\n\n\n\n<p>Al dar lectura al \u00faltimo informe de su gesti\u00f3n, Alejandro Alan\u00eds Chico detall\u00f3 que la Facultad de Econom\u00eda forma a mil 931 profesionistas en las Ciencias Econ\u00f3micas a partir de cinco programas educativos: Econom\u00eda, Relaciones Econ\u00f3micas Internacionales, Actuar\u00eda, Negocios Internacionales Biling\u00fce y Relaciones Econ\u00f3micas Internacionales a Distancia.<br><\/p>\n\n\n\n<figure class=\"wp-block-image size-large\"><img decoding=\"async\" width=\"1024\" height=\"503\" src=\"https:\/\/elinformante.mx\/wp-content\/uploads\/2023\/06\/afianzan-13-1024x503.jpg\" alt=\"\" class=\"wp-image-28686\" srcset=\"https:\/\/elinformante.mx\/wp-content\/uploads\/2023\/06\/afianzan-13-1024x503.jpg 1024w, https:\/\/elinformante.mx\/wp-content\/uploads\/2023\/06\/afianzan-13-300x147.jpg 300w, https:\/\/elinformante.mx\/wp-content\/uploads\/2023\/06\/afianzan-13-768x377.jpg 768w, https:\/\/elinformante.mx\/wp-content\/uploads\/2023\/06\/afianzan-13-580x285.jpg 580w, https:\/\/elinformante.mx\/wp-content\/uploads\/2023\/06\/afianzan-13-860x422.jpg 860w, https:\/\/elinformante.mx\/wp-content\/uploads\/2023\/06\/afianzan-13.jpg 1140w\" sizes=\"(max-width: 1024px) 100vw, 1024px\" \/><\/figure>\n\n\n\n<p>Subray\u00f3 que este organismo acad\u00e9mico pone en pr\u00e1ctica estrategias que redundan en la formaci\u00f3n de profesionales competentes, creativos e innovadores y 80 por ciento de los programas educativos cuenta con el reconocimiento que otorga el Consejo Nacional de Acreditaci\u00f3n de la Ciencia Econ\u00f3mica (CONACE); adem\u00e1s, 48.2 por ciento de la comunidad estudiantil de licenciatura cuenta con alg\u00fan tipo de beca.<br><\/p>\n\n\n\n<p>Alan\u00eds Chico recalc\u00f3 que durante esta administraci\u00f3n se cre\u00f3 el Departamento de Educaci\u00f3n Continua, con el objetivo de ofrecer cursos disciplinares y cursos de actualizaci\u00f3n a estudiantes y egresados y p\u00fablico en general. En este rubro, destac\u00f3 la impartici\u00f3n de cursos de capacitaci\u00f3n con fines de certificaci\u00f3n en est\u00e1ndares de competencias laborales que fueron ofertados a las empresas Ferromex y Flecha Roja.<\/p>\n","protected":false},"excerpt":{"rendered":"<p>El rector Carlos Eduardo Barrera D\u00edaz encabez\u00f3 el cuarto informe de actividades del director de la Facultad de Econom\u00eda, Alejandro Alan\u00eds Chico. La Universidad Aut\u00f3noma del Estado de M\u00e9xico (UAEM\u00e9x) escal\u00f3 dos posiciones y hoy ocupa el sexto lugar en cuanto al cumplimiento de 17 Objetivos de Desarrollo Sostenible entre todas las instituciones de educaci\u00f3n [&hellip;]<\/p>\n","protected":false},"author":1,"featured_media":28684,"comment_status":"closed","ping_status":"closed","sticky":false,"template":"","format":"standard","meta":{"footnotes":""},"categories":[30,36],"tags":[],"class_list":["post-28683","post","type-post","status-publish","format-standard","has-post-thumbnail","hentry","category-destacado","category-edomex"],"_links":{"self":[{"href":"https:\/\/elinformante.mx\/index.php?rest_route=\/wp\/v2\/posts\/28683","targetHints":{"allow":["GET"]}}],"collection":[{"href":"https:\/\/elinformante.mx\/index.php?rest_route=\/wp\/v2\/posts"}],"about":[{"href":"https:\/\/elinformante.mx\/index.php?rest_route=\/wp\/v2\/types\/post"}],"author":[{"embeddable":true,"href":"https:\/\/elinformante.mx\/index.php?rest_route=\/wp\/v2\/users\/1"}],"replies":[{"embeddable":true,"href":"https:\/\/elinformante.mx\/index.php?rest_route=%2Fwp%2Fv2%2Fcomments&post=28683"}],"version-history":[{"count":0,"href":"https:\/\/elinformante.mx\/index.php?rest_route=\/wp\/v2\/posts\/28683\/revisions"}],"wp:featuredmedia":[{"embeddable":true,"href":"https:\/\/elinformante.mx\/index.php?rest_route=\/wp\/v2\/media\/28684"}],"wp:attachment":[{"href":"https:\/\/elinformante.mx\/index.php?rest_route=%2Fwp%2Fv2%2Fmedia&parent=28683"}],"wp:term":[{"taxonomy":"category","embeddable":true,"href":"https:\/\/elinformante.mx\/index.php?rest_route=%2Fwp%2Fv2%2Fcategories&post=28683"},{"taxonomy":"post_tag","embeddable":true,"href":"https:\/\/elinformante.mx\/index.php?rest_route=%2Fwp%2Fv2%2Ftags&post=28683"}],"curies":[{"name":"wp","href":"https:\/\/api.w.org\/{rel}","templated":true}]}}