{"id":28688,"date":"2023-06-12T15:35:26","date_gmt":"2023-06-12T15:35:26","guid":{"rendered":"https:\/\/elinformante.mx\/?p=28688"},"modified":"2023-06-12T15:35:27","modified_gmt":"2023-06-12T15:35:27","slug":"vinculado-a-proceso-a-secuestrador-expres","status":"publish","type":"post","link":"https:\/\/elinformante.mx\/?p=28688","title":{"rendered":"Vinculado a proceso a secuestrador expr\u00e9s"},"content":{"rendered":"\n<p>El detenido, en complicidad con otros individuos, habr\u00eda privado de la libertad a dos personas, con la finalidad de despojarlos de un veh\u00edculo con cargamento de tel\u00e9fonos celulares, mercanc\u00eda valuada en m\u00e1s de 13 millones de pesos.<\/p>\n\n\n\n<p>La Fiscal\u00eda General de Justicia del Estado de M\u00e9xico (FGJEM) obtuvo vinculaci\u00f3n a proceso contra Sergio Mauricio \u201cN\u201d, tras acreditar su probable participaci\u00f3n en el delito de secuestro expr\u00e9s con fines de robo.<br><\/p>\n\n\n\n<p>Luego de revisar los elementos de prueba recabados por el Agente del Ministerio P\u00fablico, la Autoridad Judicial determin\u00f3 iniciar proceso legal en su contra, estableci\u00f3 plazo de un mes para el cierre de investigaci\u00f3n complementaria y medida cautelar de prisi\u00f3n preventiva.<br><\/p>\n\n\n\n<p>Este sujeto fue detenido hace unos d\u00edas por elementos de Secretar\u00eda de Seguridad P\u00fablica de Cuautitl\u00e1n Izcalli, luego de que habr\u00eda privado de la libertad a los tripulantes de un veh\u00edculo de carga, con la finalidad de despojarlos del mismo, as\u00ed como la mercanc\u00eda que transportaban consistente en tel\u00e9fonos celulares de la marca Apple, con un valor de m\u00e1s de 13 millones de pesos.<br><\/p>\n\n\n\n<p>Estos hechos ocurrieron en las inmediaciones de un centro de distribuci\u00f3n de una tienda Walmart, donde el detenido, en complicidad con otros individuos habr\u00edan amagado con un arma de fuego a dos personas para despojarlas de un veh\u00edculo marca Hino, tipo Rabon, con la mercanc\u00eda referida.<br><\/p>\n\n\n\n<p>Las dos v\u00edctimas fueron sometidas y obligadas a subir a un veh\u00edculo diverso, en el cual las habr\u00edan mantenido privadas de la libertad para posteriormente ser liberadas. En tanto que Sergio Mauricio \u201cN\u201d fue detenido en la avenida Destajistas, de la colonia Parque Industrial Xala, al momento en que descargaba la mercanc\u00eda robada para subirla a un veh\u00edculo marca Ford.<br><\/p>\n\n\n\n<p>Este sujeto fue presentado ante el Agente del Ministerio P\u00fablico y luego ingresado al Centro Penitenciario y de Reinserci\u00f3n Social de Cuautitl\u00e1n, a disposici\u00f3n de la Autoridad Judicial, quien lo procesa por este delito, no obstante, debe ser considerado inocente hasta que sea dictada una sentencia condenatoria en su contra.<\/p>\n","protected":false},"excerpt":{"rendered":"<p>El detenido, en complicidad con otros individuos, habr\u00eda privado de la libertad a dos personas, con la finalidad de despojarlos de un veh\u00edculo con cargamento de tel\u00e9fonos celulares, mercanc\u00eda valuada en m\u00e1s de 13 millones de pesos. La Fiscal\u00eda General de Justicia del Estado de M\u00e9xico (FGJEM) obtuvo vinculaci\u00f3n a proceso contra Sergio Mauricio \u201cN\u201d, [&hellip;]<\/p>\n","protected":false},"author":1,"featured_media":28689,"comment_status":"closed","ping_status":"closed","sticky":false,"template":"","format":"standard","meta":{"footnotes":""},"categories":[36,37],"tags":[],"class_list":["post-28688","post","type-post","status-publish","format-standard","has-post-thumbnail","hentry","category-edomex","category-justicia"],"_links":{"self":[{"href":"https:\/\/elinformante.mx\/index.php?rest_route=\/wp\/v2\/posts\/28688","targetHints":{"allow":["GET"]}}],"collection":[{"href":"https:\/\/elinformante.mx\/index.php?rest_route=\/wp\/v2\/posts"}],"about":[{"href":"https:\/\/elinformante.mx\/index.php?rest_route=\/wp\/v2\/types\/post"}],"author":[{"embeddable":true,"href":"https:\/\/elinformante.mx\/index.php?rest_route=\/wp\/v2\/users\/1"}],"replies":[{"embeddable":true,"href":"https:\/\/elinformante.mx\/index.php?rest_route=%2Fwp%2Fv2%2Fcomments&post=28688"}],"version-history":[{"count":0,"href":"https:\/\/elinformante.mx\/index.php?rest_route=\/wp\/v2\/posts\/28688\/revisions"}],"wp:featuredmedia":[{"embeddable":true,"href":"https:\/\/elinformante.mx\/index.php?rest_route=\/wp\/v2\/media\/28689"}],"wp:attachment":[{"href":"https:\/\/elinformante.mx\/index.php?rest_route=%2Fwp%2Fv2%2Fmedia&parent=28688"}],"wp:term":[{"taxonomy":"category","embeddable":true,"href":"https:\/\/elinformante.mx\/index.php?rest_route=%2Fwp%2Fv2%2Fcategories&post=28688"},{"taxonomy":"post_tag","embeddable":true,"href":"https:\/\/elinformante.mx\/index.php?rest_route=%2Fwp%2Fv2%2Ftags&post=28688"}],"curies":[{"name":"wp","href":"https:\/\/api.w.org\/{rel}","templated":true}]}}