{"id":28703,"date":"2023-06-12T15:42:02","date_gmt":"2023-06-12T15:42:02","guid":{"rendered":"https:\/\/elinformante.mx\/?p=28703"},"modified":"2023-06-12T15:42:04","modified_gmt":"2023-06-12T15:42:04","slug":"rinde-smsem-emotivo-homenaje-a-maestros-jubilados","status":"publish","type":"post","link":"https:\/\/elinformante.mx\/?p=28703","title":{"rendered":"Rinde SMSEM emotivo homenaje a maestros jubilados"},"content":{"rendered":"\n<blockquote class=\"wp-block-quote is-layout-flow wp-block-quote-is-layout-flow\">\n<p>El SMSEM se esfuerza por mantener vivo el esp\u00edritu de unidad y reconocimiento hacia aquellos maestros que han dedicado su vida a la ense\u00f1anza.<\/p>\n<\/blockquote>\n\n\n\n<p>Con una gran dosis de alegr\u00eda, el Sindicato de Maestros al Servicio del Estado de M\u00e9xico (SMSEM) celebr\u00f3 de manera espectacular el D\u00eda del Maestro, brindando un merecido homenaje a los maestros jubilados.<br><\/p>\n\n\n\n<p>Encabezado por el Secretario General, Marco Aurelio Carbajal Leyva, el SMSEM destac\u00f3 el valor indiscutible que estos maestros representan, no solo por su vasta experiencia y contribuciones a lo largo de los 71 a\u00f1os de historia del sindicato, sino tambi\u00e9n por su entusiasmo y vitalidad al participar en las actividades sindicales.<br><\/p>\n\n\n\n<p>Despu\u00e9s de un largo periodo de tres a\u00f1os sin poder llevar a cabo estas festividades debido a la pandemia por COVID-19, el SMSEM decidi\u00f3 retomarlas de manera presencial, despertando una efervescencia de emociones entre los maestros jubilados. Las sedes seleccionadas para los festejos fueron cuidadosamente elegidas, garantizando espacios amplios y c\u00f3modos para disfrutar al m\u00e1ximo de esta celebraci\u00f3n tan esperada.<br><\/p>\n\n\n\n<p>Risas, abrazos y emocionantes reencuentros, llenaron el ambiente en cada uno de los eventos regionales organizados por el sindicato. Los desayunos se convirtieron en momentos de camarader\u00eda, donde los maestros en retiro compartieron an\u00e9cdotas y experiencias con sus queridos hermanos de clase.<br><\/p>\n\n\n\n<p>Adem\u00e1s, no faltaron las sorpresas, ya que el SMSEM prepar\u00f3 emocionantes rifas y sorteos que llenaron de entusiasmo a los asistentes.<br><\/p>\n\n\n\n<figure class=\"wp-block-image size-large\"><img fetchpriority=\"high\" decoding=\"async\" width=\"1024\" height=\"503\" src=\"https:\/\/elinformante.mx\/wp-content\/uploads\/2023\/06\/rinde-1024x503.jpg\" alt=\"\" class=\"wp-image-28705\" srcset=\"https:\/\/elinformante.mx\/wp-content\/uploads\/2023\/06\/rinde-1024x503.jpg 1024w, https:\/\/elinformante.mx\/wp-content\/uploads\/2023\/06\/rinde-300x147.jpg 300w, https:\/\/elinformante.mx\/wp-content\/uploads\/2023\/06\/rinde-768x377.jpg 768w, https:\/\/elinformante.mx\/wp-content\/uploads\/2023\/06\/rinde-580x285.jpg 580w, https:\/\/elinformante.mx\/wp-content\/uploads\/2023\/06\/rinde-860x422.jpg 860w, https:\/\/elinformante.mx\/wp-content\/uploads\/2023\/06\/rinde.jpg 1140w\" sizes=\"(max-width: 1024px) 100vw, 1024px\" \/><\/figure>\n\n\n\n<p>Para amenizar las celebraciones, el sindicato cont\u00f3 con la presencia de destacadas agrupaciones musicales como Campeche Show, Sonora Dinamita y Sonora Tropicana.<br><\/p>\n\n\n\n<p>Los ritmos contagiosos y las melod\u00edas pegajosas crearon el ambiente perfecto para que los maestros jubilados se dejaran llevar por la m\u00fasica y el baile.<br><\/p>\n\n\n\n<p>Entre risas y aplausos, los homenajeados agradecieron al l\u00edder del Magisterio Estatal, Marco Aurelio Carbajal Leyva, por brindarles momentos tan especiales y llenos de alegr\u00eda.<br><\/p>\n\n\n\n<p>El evento marc\u00f3 el regreso de estas celebraciones tras un largo periodo de ausencia debido a la situaci\u00f3n sanitaria. El SMSEM demostr\u00f3 una vez m\u00e1s su compromiso inquebrantable con el magisterio jubilado, reafirmando que siempre tendr\u00e1n un lugar especial en la organizaci\u00f3n y que sus contribuciones y legado son invaluables.<br><\/p>\n\n\n\n<p>En un mundo donde el tiempo avanza r\u00e1pidamente, el SMSEM se esfuerza por mantener vivo el esp\u00edritu de unidad y reconocimiento hacia aquellos maestros que han dedicado su vida a la ense\u00f1anza.<br><\/p>\n\n\n\n<p>Estas festividades no solo resaltan la labor pasada de los maestros jubilados, sino que tambi\u00e9n les brindan un merecido reconocimiento por su invaluable aporte al desarrollo educativo del Estado de M\u00e9xico.<\/p>\n","protected":false},"excerpt":{"rendered":"<p>El SMSEM se esfuerza por mantener vivo el esp\u00edritu de unidad y reconocimiento hacia aquellos maestros que han dedicado su vida a la ense\u00f1anza. Con una gran dosis de alegr\u00eda, el Sindicato de Maestros al Servicio del Estado de M\u00e9xico (SMSEM) celebr\u00f3 de manera espectacular el D\u00eda del Maestro, brindando un merecido homenaje a los [&hellip;]<\/p>\n","protected":false},"author":1,"featured_media":28704,"comment_status":"closed","ping_status":"closed","sticky":false,"template":"","format":"standard","meta":{"footnotes":""},"categories":[30,36],"tags":[],"class_list":["post-28703","post","type-post","status-publish","format-standard","has-post-thumbnail","hentry","category-destacado","category-edomex"],"_links":{"self":[{"href":"https:\/\/elinformante.mx\/index.php?rest_route=\/wp\/v2\/posts\/28703","targetHints":{"allow":["GET"]}}],"collection":[{"href":"https:\/\/elinformante.mx\/index.php?rest_route=\/wp\/v2\/posts"}],"about":[{"href":"https:\/\/elinformante.mx\/index.php?rest_route=\/wp\/v2\/types\/post"}],"author":[{"embeddable":true,"href":"https:\/\/elinformante.mx\/index.php?rest_route=\/wp\/v2\/users\/1"}],"replies":[{"embeddable":true,"href":"https:\/\/elinformante.mx\/index.php?rest_route=%2Fwp%2Fv2%2Fcomments&post=28703"}],"version-history":[{"count":0,"href":"https:\/\/elinformante.mx\/index.php?rest_route=\/wp\/v2\/posts\/28703\/revisions"}],"wp:featuredmedia":[{"embeddable":true,"href":"https:\/\/elinformante.mx\/index.php?rest_route=\/wp\/v2\/media\/28704"}],"wp:attachment":[{"href":"https:\/\/elinformante.mx\/index.php?rest_route=%2Fwp%2Fv2%2Fmedia&parent=28703"}],"wp:term":[{"taxonomy":"category","embeddable":true,"href":"https:\/\/elinformante.mx\/index.php?rest_route=%2Fwp%2Fv2%2Fcategories&post=28703"},{"taxonomy":"post_tag","embeddable":true,"href":"https:\/\/elinformante.mx\/index.php?rest_route=%2Fwp%2Fv2%2Ftags&post=28703"}],"curies":[{"name":"wp","href":"https:\/\/api.w.org\/{rel}","templated":true}]}}