{"id":28711,"date":"2023-06-12T15:50:15","date_gmt":"2023-06-12T15:50:15","guid":{"rendered":"https:\/\/elinformante.mx\/?p=28711"},"modified":"2023-06-12T15:50:16","modified_gmt":"2023-06-12T15:50:16","slug":"hidalgo-tiene-la-red-de-discapacidad-mas-grande-a-nivel-nacional","status":"publish","type":"post","link":"https:\/\/elinformante.mx\/?p=28711","title":{"rendered":"Hidalgo tiene la \u2018Red de Discapacidad\u2019 m\u00e1s grande a nivel nacional"},"content":{"rendered":"\n<blockquote class=\"wp-block-quote is-layout-flow wp-block-quote-is-layout-flow\">\n<p>Alberga seis Centros Regionales de Rehabilitaci\u00f3n y 64 Unidades B\u00e1sicas de Rehabilitaci\u00f3n.<\/p>\n<\/blockquote>\n\n\n\n<p>Cerca del 5.5 por ciento de la poblaci\u00f3n en el estado tienen una discapacidad, revel\u00f3 el director del Centro de Rehabilitaci\u00f3n Integral de Hidalgo, H\u00e9ctor Villafuentes T\u00e9llez.<br><\/p>\n\n\n\n<p>Se\u00f1al\u00f3 que Hidalgo se consolida como uno de los estados a nivel nacional con la Red Integral de Rehabilitaci\u00f3n m\u00e1s amplia, lo que permite atender a este sector.<br><\/p>\n\n\n\n<p>Villafuentes destac\u00f3 que hay seis Centros Regionales de Rehabilitaci\u00f3n y 64 Unidades B\u00e1sicas de Rehabilitaci\u00f3n en todo el territorio hidalguense.<br><\/p>\n\n\n\n<p>\u201cEsta red de servicios favorece a que los Centros Regionales capten, identifiquen pacientes y refieran a la Unidades B\u00e1sicas de Rehabilitaci\u00f3n para darles un seguimiento, favorecer en las econom\u00edas y con ello invitarlos a que sigan con sus tratamientos y que no los abandonen\u201d, expres\u00f3.<br><\/p>\n\n\n\n<p>Destac\u00f3 que en la UBR atiende discapacidad f\u00edsica e intelectual temporal o definitiva, en donde se brindan terapias de rehabilitaci\u00f3n f\u00edsica, terapia ocupacional, terapia del lenguaje y consulta de psicolog\u00eda.<br><\/p>\n\n\n\n<p>Agreg\u00f3 que las discapacidades f\u00edsicas muchas veces son ocasionadas por un accidente, tanto laboral como de recreaci\u00f3n.<br><\/p>\n\n\n\n<p>En este sentido, revel\u00f3 que el n\u00famero de personas con discapacidad f\u00edsica por accidentes va en aumento, porque ha habido un descontrol en el d\u00eda a d\u00eda en las actividades recreativas.<br><\/p>\n\n\n\n<p>Derivado de la pandemia en donde los menores estuvieron en resguardo domiciliario, en aislamiento y sin convivencia, que es importante para su desarrollo f\u00edsico-intelectual, dijo que desencaden\u00f3 ciertas situaciones de discapacidad intelectual, que es preocupante.<br><\/p>\n\n\n\n<p>Precis\u00f3 que la Red Integral de Discapacidad en Hidalgo tiene como prop\u00f3sito contribuir a la mejora de condiciones f\u00edsicas y mentales de las personas con discapacidad temporal o permanente, que les permita estar en igualdad de oportunidades, ejercicio y disfruten de sus derechos humanos.<\/p>\n","protected":false},"excerpt":{"rendered":"<p>Alberga seis Centros Regionales de Rehabilitaci\u00f3n y 64 Unidades B\u00e1sicas de Rehabilitaci\u00f3n. Cerca del 5.5 por ciento de la poblaci\u00f3n en el estado tienen una discapacidad, revel\u00f3 el director del Centro de Rehabilitaci\u00f3n Integral de Hidalgo, H\u00e9ctor Villafuentes T\u00e9llez. Se\u00f1al\u00f3 que Hidalgo se consolida como uno de los estados a nivel nacional con la Red [&hellip;]<\/p>\n","protected":false},"author":1,"featured_media":28712,"comment_status":"closed","ping_status":"closed","sticky":false,"template":"","format":"standard","meta":{"footnotes":""},"categories":[30,34],"tags":[],"class_list":["post-28711","post","type-post","status-publish","format-standard","has-post-thumbnail","hentry","category-destacado","category-nacional"],"_links":{"self":[{"href":"https:\/\/elinformante.mx\/index.php?rest_route=\/wp\/v2\/posts\/28711","targetHints":{"allow":["GET"]}}],"collection":[{"href":"https:\/\/elinformante.mx\/index.php?rest_route=\/wp\/v2\/posts"}],"about":[{"href":"https:\/\/elinformante.mx\/index.php?rest_route=\/wp\/v2\/types\/post"}],"author":[{"embeddable":true,"href":"https:\/\/elinformante.mx\/index.php?rest_route=\/wp\/v2\/users\/1"}],"replies":[{"embeddable":true,"href":"https:\/\/elinformante.mx\/index.php?rest_route=%2Fwp%2Fv2%2Fcomments&post=28711"}],"version-history":[{"count":0,"href":"https:\/\/elinformante.mx\/index.php?rest_route=\/wp\/v2\/posts\/28711\/revisions"}],"wp:featuredmedia":[{"embeddable":true,"href":"https:\/\/elinformante.mx\/index.php?rest_route=\/wp\/v2\/media\/28712"}],"wp:attachment":[{"href":"https:\/\/elinformante.mx\/index.php?rest_route=%2Fwp%2Fv2%2Fmedia&parent=28711"}],"wp:term":[{"taxonomy":"category","embeddable":true,"href":"https:\/\/elinformante.mx\/index.php?rest_route=%2Fwp%2Fv2%2Fcategories&post=28711"},{"taxonomy":"post_tag","embeddable":true,"href":"https:\/\/elinformante.mx\/index.php?rest_route=%2Fwp%2Fv2%2Ftags&post=28711"}],"curies":[{"name":"wp","href":"https:\/\/api.w.org\/{rel}","templated":true}]}}