{"id":28717,"date":"2023-06-12T16:13:21","date_gmt":"2023-06-12T16:13:21","guid":{"rendered":"https:\/\/elinformante.mx\/?p=28717"},"modified":"2023-06-12T16:13:22","modified_gmt":"2023-06-12T16:13:22","slug":"exige-gidh-compromiso-con-derechos-humanos-a-quienes-aspiran-a-ser-candidatos-presidenciales","status":"publish","type":"post","link":"https:\/\/elinformante.mx\/?p=28717","title":{"rendered":"Exige GIDH compromiso con derechos humanos a quienes aspiran a ser candidatos presidenciales"},"content":{"rendered":"\n<blockquote class=\"wp-block-quote is-layout-flow wp-block-quote-is-layout-flow\">\n<p>Los candidatos se deben comprometer a defender los derechos humanos: cifras hist\u00f3ricas en homicidios dolosos y agresiones a comunicadores.<\/p>\n<\/blockquote>\n\n\n\n<p>El Grupo Integral de Derechos Humanos (GIDH) \u201cLex-magister\u201d exigi\u00f3 a los candidatos que buscan formalizar su candidatura a la Presidencia de la Rep\u00fablica, asumir una responsabilidad directa, formal y suscrita, a favor de los derechos humanos.<br><\/p>\n\n\n\n<p>Jes\u00fas Rey Fierro Hern\u00e1ndez, presidente del GIDH, se\u00f1al\u00f3 que M\u00e9xico ha enfrentado una severa crisis en materia de violaci\u00f3n de garant\u00edas individuales, especialmente a grupos vulnerables como migrantes, personas desplazadas, mujeres, adultos mayores, ind\u00edgenas, comunicadores y menores en los \u00faltimos meses.<br><\/p>\n\n\n\n<p>El doctor en derecho Fierro Hern\u00e1ndez resalt\u00f3 en la necesidad de que las personas que aspiran a ser candidatos presidenciales se comprometan a defender los derechos humanos y a trabajar por su protecci\u00f3n.<br><\/p>\n\n\n\n<p>Asimismo, resalt\u00f3 la importancia de que los pr\u00f3ximos gobernantes tomen medidas para garantizar el acceso a la justicia y erradicar la impunidad en casos de violaciones -graves o no graves- a los derechos humanos.<br><\/p>\n\n\n\n<p>El abogado Fierro Hern\u00e1ndez, reconocido con el Premio Nacional de Derechos Humanos, record\u00f3 que esta administraci\u00f3n federal se ha caracterizado por rebasar el n\u00famero de homicidios dolosos, cifra que supera los 150 mil casos contabilizados durante el gobierno de Felipe Calder\u00f3n y Enrique Pe\u00f1a Nieto.<br><\/p>\n\n\n\n<p>De acuerdo con la Organizaci\u00f3n de las Naciones Unidas (ONU), M\u00e9xico padece, adem\u00e1s, de otra crisis derivada de la violencia, con m\u00e1s de 105 mil personas en calidad de desaparecidas, una buena parte de menores de edad que son reclutados para trabajos forzados como la trata de personas y el crimen organizado.<br><\/p>\n\n\n\n<p>Adem\u00e1s, \u201ces la administraci\u00f3n donde m\u00e1s asesinatos y ataques a medios de comunicaci\u00f3n e informadores se han registrado en el mundo, en los \u00faltimos a\u00f1os\u201d; sin contar el n\u00famero de personas migrantes quienes han sido objeto de las redes de bandas del narcotr\u00e1fico; personas sin acceso a medicinas o atenci\u00f3n m\u00e9dica y un largo etc\u00e9tera.<br><\/p>\n\n\n\n<p>El grupo interdisciplinario advirti\u00f3 sobre la situaci\u00f3n cr\u00edtica que enfrentan los migrantes en M\u00e9xico; afirm\u00f3 que estos grupos vulnerables son v\u00edctimas de violaciones constantes a sus derechos humanos, como la detenci\u00f3n arbitraria, la deportaci\u00f3n forzada y la falta de acceso a servicios b\u00e1sicos como la salud y la educaci\u00f3n.<br><\/p>\n\n\n\n<p>Fierro Hern\u00e1ndez indic\u00f3 que el gobierno federal debe tomar medidas para proteger los derechos humanos de las personas migrantes y garantizar su seguridad. Asimismo, hizo un llamado a la sociedad para que se solidarice con estos grupos vulnerables y les brinde apoyo en su traves\u00eda hacia los Estados Unidos.<br><\/p>\n\n\n\n<p>El GIDH tambi\u00e9n se pronunci\u00f3 sobre la violencia contra las mujeres en M\u00e9xico; \u201ceste problema es uno de las principales preocupaciones en materia de derechos humanos en el pa\u00eds\u201d; Fierro Hern\u00e1ndez afirm\u00f3 en la necesidad de que se tomen medidas concretas para prevenir y erradicar la violencia contra las mujeres, as\u00ed como para garantizar su acceso a la justicia y a servicios especializados.<br><\/p>\n\n\n\n<p>Por este motivo, el presidente del GIDH hizo un llamado a las personas que aspiran a ocupar la silla presidencial de Morena, y de los partidos de oposici\u00f3n, entre ellos, PRI, PAN, PRD y Movimiento Ciudadanos a incluir una propuesta seria, eficaz para combatir la violaci\u00f3n en esta materia.<\/p>\n","protected":false},"excerpt":{"rendered":"<p>Los candidatos se deben comprometer a defender los derechos humanos: cifras hist\u00f3ricas en homicidios dolosos y agresiones a comunicadores. El Grupo Integral de Derechos Humanos (GIDH) \u201cLex-magister\u201d exigi\u00f3 a los candidatos que buscan formalizar su candidatura a la Presidencia de la Rep\u00fablica, asumir una responsabilidad directa, formal y suscrita, a favor de los derechos humanos. [&hellip;]<\/p>\n","protected":false},"author":1,"featured_media":28718,"comment_status":"closed","ping_status":"closed","sticky":false,"template":"","format":"standard","meta":{"footnotes":""},"categories":[34],"tags":[],"class_list":["post-28717","post","type-post","status-publish","format-standard","has-post-thumbnail","hentry","category-nacional"],"_links":{"self":[{"href":"https:\/\/elinformante.mx\/index.php?rest_route=\/wp\/v2\/posts\/28717","targetHints":{"allow":["GET"]}}],"collection":[{"href":"https:\/\/elinformante.mx\/index.php?rest_route=\/wp\/v2\/posts"}],"about":[{"href":"https:\/\/elinformante.mx\/index.php?rest_route=\/wp\/v2\/types\/post"}],"author":[{"embeddable":true,"href":"https:\/\/elinformante.mx\/index.php?rest_route=\/wp\/v2\/users\/1"}],"replies":[{"embeddable":true,"href":"https:\/\/elinformante.mx\/index.php?rest_route=%2Fwp%2Fv2%2Fcomments&post=28717"}],"version-history":[{"count":0,"href":"https:\/\/elinformante.mx\/index.php?rest_route=\/wp\/v2\/posts\/28717\/revisions"}],"wp:featuredmedia":[{"embeddable":true,"href":"https:\/\/elinformante.mx\/index.php?rest_route=\/wp\/v2\/media\/28718"}],"wp:attachment":[{"href":"https:\/\/elinformante.mx\/index.php?rest_route=%2Fwp%2Fv2%2Fmedia&parent=28717"}],"wp:term":[{"taxonomy":"category","embeddable":true,"href":"https:\/\/elinformante.mx\/index.php?rest_route=%2Fwp%2Fv2%2Fcategories&post=28717"},{"taxonomy":"post_tag","embeddable":true,"href":"https:\/\/elinformante.mx\/index.php?rest_route=%2Fwp%2Fv2%2Ftags&post=28717"}],"curies":[{"name":"wp","href":"https:\/\/api.w.org\/{rel}","templated":true}]}}