{"id":28720,"date":"2023-06-12T16:14:38","date_gmt":"2023-06-12T16:14:38","guid":{"rendered":"https:\/\/elinformante.mx\/?p=28720"},"modified":"2023-06-12T16:14:39","modified_gmt":"2023-06-12T16:14:39","slug":"en-mi-gobierno-se-termino-la-robadera-del-pasado-amlo-en-su-visita-en-puebla","status":"publish","type":"post","link":"https:\/\/elinformante.mx\/?p=28720","title":{"rendered":"En mi gobierno se termin\u00f3 la robadera del pasado: AMLO en su visita en Puebla"},"content":{"rendered":"\n<blockquote class=\"wp-block-quote is-layout-flow wp-block-quote-is-layout-flow\">\n<p>El mandatario federal asegur\u00f3 la continuidad de los programas sociales para los pr\u00f3ximos a\u00f1os.<\/p>\n<\/blockquote>\n\n\n\n<p>El presidente de la Rep\u00fablica, Andr\u00e9s Manuel L\u00f3pez Obrador, refiri\u00f3 convencido que su gobierno logr\u00f3 erradicar \u201cla robadera\u201d, refiri\u00e9ndose a la corrupci\u00f3n en las finanzas p\u00fablicas. Adem\u00e1s, y a poco m\u00e1s de un a\u00f1o de concluir su mandato, el titular del Ejecutivo federal garantiz\u00f3 la continuidad de sus programas sociales para los a\u00f1os venideros.<br><\/p>\n\n\n\n<p>En su visita al municipio de Huauchinango, Puebla, el presidente L\u00f3pez Obrador se\u00f1al\u00f3 que su administraci\u00f3n ya no representa los intereses de una minor\u00eda a la que denomin\u00f3 \u201cla oligarqu\u00eda\u201d, pues dijo que ahora los recursos p\u00fablicos son empleados para impulsar programas sociales.<br><\/p>\n\n\n\n<p>Lo anterior, al encabezar una visita de evaluaci\u00f3n de los programas sociales de la Secretar\u00eda de Bienestar.<br><\/p>\n\n\n\n<p>\u201c[Se debe] desterrar la corrupci\u00f3n, esa es la clave, M\u00e9xico lo tiene todo, hay de todo, pero se lo clavaban todo. Ahora, como el presupuesto es para el pueblo, como el pueblo est\u00e1 empoderado, ya no es el gobierno de los de arriba, la oligarqu\u00eda, es una aut\u00e9ntica democracia, pueblo para el pueblo\u201d, expuso el mandatario federal.<br><\/p>\n\n\n\n<p>Aunado a lo anterior, L\u00f3pez Obrador se comprometi\u00f3 a mejorar los servicios de salud en todo el pa\u00eds antes de la sucesi\u00f3n del poder p\u00fablico en 2024.<br><\/p>\n\n\n\n<p>Defendi\u00f3 que su estrategia de ampliar la cobertura de los servicios de IMSS-Bienestar permitir\u00e1 que los centros de salud y hospitales p\u00fablicos mejoren su atenci\u00f3n a la ciudadan\u00eda.<br><\/p>\n\n\n\n<p>No obstante, reconoci\u00f3 que el gobierno mexicano se enfrenta a una escasez de profesionales m\u00e9dicos, seg\u00fan \u00e9l, debido a que en a\u00f1os pasados no se permit\u00eda que todos los aspirantes a las carreras relacionadas a la salud obtuvieran un lugar en alguna universidad p\u00fablica.<br><\/p>\n\n\n\n<p>Derivado de esa situaci\u00f3n, asegur\u00f3, el Estado mexicano se vio en la necesidad de contratar galenos de otros pa\u00edses, como Cuba.<br><\/p>\n\n\n\n<p>En ese sentido, el mandatario federal adelant\u00f3 que su gobierno aumentar\u00e1 las becas para m\u00e9dicos generales que buscan especializarse, y precis\u00f3 que se contratar\u00e1n m\u00e9dicos ya jubilados del Instituto Mexicano del Seguro Social (IMSS) para que trabajen en otros centros de salud p\u00fablica.<br><\/p>\n\n\n\n<p>Por otro lado, el presidente defendi\u00f3 el \u00e9xito de otros programas, como el de Sembrando Vida y Tandas para el Bienestar, los cuales son administrados por la Secretar\u00eda de Bienestar federal.<br><\/p>\n\n\n\n<figure class=\"wp-block-image size-large\"><img fetchpriority=\"high\" decoding=\"async\" width=\"1024\" height=\"503\" src=\"https:\/\/elinformante.mx\/wp-content\/uploads\/2023\/06\/en-mi-1024x503.jpg\" alt=\"\" class=\"wp-image-28722\" srcset=\"https:\/\/elinformante.mx\/wp-content\/uploads\/2023\/06\/en-mi-1024x503.jpg 1024w, https:\/\/elinformante.mx\/wp-content\/uploads\/2023\/06\/en-mi-300x147.jpg 300w, https:\/\/elinformante.mx\/wp-content\/uploads\/2023\/06\/en-mi-768x377.jpg 768w, https:\/\/elinformante.mx\/wp-content\/uploads\/2023\/06\/en-mi-580x285.jpg 580w, https:\/\/elinformante.mx\/wp-content\/uploads\/2023\/06\/en-mi-860x422.jpg 860w, https:\/\/elinformante.mx\/wp-content\/uploads\/2023\/06\/en-mi.jpg 1140w\" sizes=\"(max-width: 1024px) 100vw, 1024px\" \/><\/figure>\n\n\n\n<p>A prop\u00f3sito, mencion\u00f3 que en la entidad se emplean 16 mil personas en Sembrando Vida. Por otro lado, el segundo programa ofrece amplias opciones crediticias para la poblaci\u00f3n, mismas que no requieren el pago de intereses.<br><\/p>\n\n\n\n<p>Adem\u00e1s, se\u00f1al\u00f3 que en la entidad poblana se tiene proyectado poner en marcha 230 sucursales del Banco del Bienestar para finales de 2024. Actualmente, precis\u00f3, hay 130 sucursales ya funcionando.<br><\/p>\n\n\n\n<p>An\u00e1logamente, la secretaria de Medio Ambiente y Recursos Naturales (Semarnat), Mar\u00eda Luisa Alborez Gonz\u00e1lez, quien enfatiz\u00f3 su cercan\u00eda con la Sierra Norte de Puebla, destac\u00f3 que, a nivel nacional, el programa Sembrando Vida es responsable de reforestar 10 mil 962 hect\u00e1reas y de otorgar empleo a 5 mil 900 personas.<br><\/p>\n\n\n\n<p>Tambi\u00e9n opin\u00f3 que los programas federales de apoyo al campo han contribuido a fortalecer la vocaci\u00f3n agr\u00edcola de la entidad poblana.<br><\/p>\n\n\n\n<p>Del mismo modo, el secretario de la Defensa Nacional (Sedena), Luis Cresencio Sandoval Gonz\u00e1lez, se comprometi\u00f3 a que las<br><\/p>\n\n\n\n<p>Fuerzas Armadas terminen de construir las sucursales pendientes del Banco del Bienestar, y refiri\u00f3 que la dependencia contribuye igualmente a la reforestaci\u00f3n del pa\u00eds.<br><\/p>\n\n\n\n<p>El presidente L\u00f3pez Obrador dio a conocer que la pensi\u00f3n que el Estado mexicano da a personas adultas mayores ya es considerado un derecho constitucional. Adelant\u00f3 que, en 2024, quienes est\u00e1n inscritos en este programa ser\u00e1n beneficiados con un aumento de 25 por ciento.<br><\/p>\n\n\n\n<p>Garantiza AMLO universalidad de las pensiones. Foto: Erik Guzm\u00e1n | El Sol de Puebla<br><\/p>\n\n\n\n<p>Aunado a lo anterior, el mandatario nacional manifest\u00f3 que la pensi\u00f3n que se da a personas con discapacidad ser\u00e1 universal en Puebla, pues los costos de operaci\u00f3n ser\u00e1n absorbidos conjuntamente por los gobiernos federal y estatal.<br><\/p>\n\n\n\n<p>Tambi\u00e9n dijo que se ampliar\u00e1 la cobertura de becas que el gobierno da a estudiantes y familias de quienes cursan los niveles b\u00e1sico y educaci\u00f3n media superior.<\/p>\n","protected":false},"excerpt":{"rendered":"<p>El mandatario federal asegur\u00f3 la continuidad de los programas sociales para los pr\u00f3ximos a\u00f1os. El presidente de la Rep\u00fablica, Andr\u00e9s Manuel L\u00f3pez Obrador, refiri\u00f3 convencido que su gobierno logr\u00f3 erradicar \u201cla robadera\u201d, refiri\u00e9ndose a la corrupci\u00f3n en las finanzas p\u00fablicas. Adem\u00e1s, y a poco m\u00e1s de un a\u00f1o de concluir su mandato, el titular del [&hellip;]<\/p>\n","protected":false},"author":1,"featured_media":28721,"comment_status":"closed","ping_status":"closed","sticky":false,"template":"","format":"standard","meta":{"footnotes":""},"categories":[34],"tags":[],"class_list":["post-28720","post","type-post","status-publish","format-standard","has-post-thumbnail","hentry","category-nacional"],"_links":{"self":[{"href":"https:\/\/elinformante.mx\/index.php?rest_route=\/wp\/v2\/posts\/28720","targetHints":{"allow":["GET"]}}],"collection":[{"href":"https:\/\/elinformante.mx\/index.php?rest_route=\/wp\/v2\/posts"}],"about":[{"href":"https:\/\/elinformante.mx\/index.php?rest_route=\/wp\/v2\/types\/post"}],"author":[{"embeddable":true,"href":"https:\/\/elinformante.mx\/index.php?rest_route=\/wp\/v2\/users\/1"}],"replies":[{"embeddable":true,"href":"https:\/\/elinformante.mx\/index.php?rest_route=%2Fwp%2Fv2%2Fcomments&post=28720"}],"version-history":[{"count":0,"href":"https:\/\/elinformante.mx\/index.php?rest_route=\/wp\/v2\/posts\/28720\/revisions"}],"wp:featuredmedia":[{"embeddable":true,"href":"https:\/\/elinformante.mx\/index.php?rest_route=\/wp\/v2\/media\/28721"}],"wp:attachment":[{"href":"https:\/\/elinformante.mx\/index.php?rest_route=%2Fwp%2Fv2%2Fmedia&parent=28720"}],"wp:term":[{"taxonomy":"category","embeddable":true,"href":"https:\/\/elinformante.mx\/index.php?rest_route=%2Fwp%2Fv2%2Fcategories&post=28720"},{"taxonomy":"post_tag","embeddable":true,"href":"https:\/\/elinformante.mx\/index.php?rest_route=%2Fwp%2Fv2%2Ftags&post=28720"}],"curies":[{"name":"wp","href":"https:\/\/api.w.org\/{rel}","templated":true}]}}