{"id":28945,"date":"2023-06-15T13:48:46","date_gmt":"2023-06-15T13:48:46","guid":{"rendered":"https:\/\/elinformante.mx\/?p=28945"},"modified":"2023-06-15T13:48:47","modified_gmt":"2023-06-15T13:48:47","slug":"prepara-secretaria-de-cultura-y-turismo-quinto-encuentro-estatal-de-mediadores-de-salas-de-lectura","status":"publish","type":"post","link":"https:\/\/elinformante.mx\/?p=28945","title":{"rendered":"Prepara Secretar\u00eda de Cultura y Turismo Quinto Encuentro Estatal de Mediadores de Salas de Lectura"},"content":{"rendered":"\n<blockquote class=\"wp-block-quote is-layout-flow wp-block-quote-is-layout-flow\">\n<p>Est\u00e1 programado para los d\u00edas 17 y 18 de junio, de manera gratuita.<\/p>\n<\/blockquote>\n\n\n\n<p>Con la finalidad de profundizar sobre los temas de mediaci\u00f3n, el trabajo en red y la labor como mediadora o mediador, la Secretar\u00eda de Cultura y Turismo, a trav\u00e9s del Programa Nacional Salas de Lectura, realizar\u00e1 el Quinto Encuentro Estatal de Mediadores de Salas de Lectura del Estado de M\u00e9xico.<br><\/p>\n\n\n\n<p>Ser\u00e1n los d\u00edas 17 y 18 de junio cuando se congreguen mediadores y mediadoras de los municipios de Toluca, Metepec, Lerma, Jocotitl\u00e1n, Ecatepec, Ixtapan de la Sal, Almoloya de Ju\u00e1rez, Ocoyoacac y Coacalco.<br><\/p>\n\n\n\n<p>Tambi\u00e9n Tianguistenco, Zinacantepec, Temascalcingo, San Felipe del Progreso, Nezahualc\u00f3yotl, Tepotzotl\u00e1n, Chiconcuac, Ocuilan, Tenango del Valle, Chalco, Tultitl\u00e1n, Atlacomulco, Ray\u00f3n, Tec\u00e1mac y Chimalhuac\u00e1n.<br><\/p>\n\n\n\n<p>Con ello se lograr\u00e1 reunir a las seis generaciones de mediadores de lectura de la entidad, para reflexionar sobre las experiencias que los mediadores han tenido respecto al trabajo en sus espacios.<br><\/p>\n\n\n\n<figure class=\"wp-block-image size-large\"><img fetchpriority=\"high\" decoding=\"async\" width=\"1024\" height=\"503\" src=\"https:\/\/elinformante.mx\/wp-content\/uploads\/2023\/06\/PREPARA-2-1024x503.jpg\" alt=\"\" class=\"wp-image-28947\" srcset=\"https:\/\/elinformante.mx\/wp-content\/uploads\/2023\/06\/PREPARA-2-1024x503.jpg 1024w, https:\/\/elinformante.mx\/wp-content\/uploads\/2023\/06\/PREPARA-2-300x147.jpg 300w, https:\/\/elinformante.mx\/wp-content\/uploads\/2023\/06\/PREPARA-2-768x377.jpg 768w, https:\/\/elinformante.mx\/wp-content\/uploads\/2023\/06\/PREPARA-2-580x285.jpg 580w, https:\/\/elinformante.mx\/wp-content\/uploads\/2023\/06\/PREPARA-2-860x422.jpg 860w, https:\/\/elinformante.mx\/wp-content\/uploads\/2023\/06\/PREPARA-2.jpg 1140w\" sizes=\"(max-width: 1024px) 100vw, 1024px\" \/><\/figure>\n\n\n\n<p>Asimismo, realizar\u00e1n un an\u00e1lisis de buenas pr\u00e1cticas lectoras para la construcci\u00f3n de estrategias de trabajo, para atender la diversidad de p\u00fablicos lectores, as\u00ed como fortalecer el trabajo en red y la auto organizaci\u00f3n, los mecanismos de comunicaci\u00f3n y esquemas de colaboraci\u00f3n regional.<br><\/p>\n\n\n\n<p>El 17 de junio inicia a las 11:00 horas y termina a las 20:30 horas, mientras que el d\u00eda 18 de junio comienza a las 10:00 horas y concluir\u00e1 a las 15:00 horas, con la conferencia \u201cLos rostros del fomento a la lectura\u201d.<br><\/p>\n\n\n\n<p>La convocatoria est\u00e1 dirigida a mediadores de lectura, quienes, para realizar su registro, tienen que utilizar el enlace forms.gle\/RZLQPc9xmpwxjeSh9.<br><\/p>\n\n\n\n<p>Con entrada gratuita, se realizar\u00e1 en las instalaciones del hotel Radisson del Rey Toluca, ubicado en la carretera Toluca-M\u00e9xico Km 63.5, en la Delegaci\u00f3n Santa Ana Tlapaltitl\u00e1n, Toluca, Estado de M\u00e9xico.<br><\/p>\n\n\n\n<p>Para m\u00e1s informes se pueden consultar las redes sociales de la dependencia estatal en Facebook como @CulturaEdomex y @SubdirBibliotecas.<\/p>\n","protected":false},"excerpt":{"rendered":"<p>Est\u00e1 programado para los d\u00edas 17 y 18 de junio, de manera gratuita. Con la finalidad de profundizar sobre los temas de mediaci\u00f3n, el trabajo en red y la labor como mediadora o mediador, la Secretar\u00eda de Cultura y Turismo, a trav\u00e9s del Programa Nacional Salas de Lectura, realizar\u00e1 el Quinto Encuentro Estatal de Mediadores [&hellip;]<\/p>\n","protected":false},"author":1,"featured_media":28946,"comment_status":"closed","ping_status":"closed","sticky":false,"template":"","format":"standard","meta":{"footnotes":""},"categories":[30,31],"tags":[],"class_list":["post-28945","post","type-post","status-publish","format-standard","has-post-thumbnail","hentry","category-destacado","category-portada"],"_links":{"self":[{"href":"https:\/\/elinformante.mx\/index.php?rest_route=\/wp\/v2\/posts\/28945","targetHints":{"allow":["GET"]}}],"collection":[{"href":"https:\/\/elinformante.mx\/index.php?rest_route=\/wp\/v2\/posts"}],"about":[{"href":"https:\/\/elinformante.mx\/index.php?rest_route=\/wp\/v2\/types\/post"}],"author":[{"embeddable":true,"href":"https:\/\/elinformante.mx\/index.php?rest_route=\/wp\/v2\/users\/1"}],"replies":[{"embeddable":true,"href":"https:\/\/elinformante.mx\/index.php?rest_route=%2Fwp%2Fv2%2Fcomments&post=28945"}],"version-history":[{"count":0,"href":"https:\/\/elinformante.mx\/index.php?rest_route=\/wp\/v2\/posts\/28945\/revisions"}],"wp:featuredmedia":[{"embeddable":true,"href":"https:\/\/elinformante.mx\/index.php?rest_route=\/wp\/v2\/media\/28946"}],"wp:attachment":[{"href":"https:\/\/elinformante.mx\/index.php?rest_route=%2Fwp%2Fv2%2Fmedia&parent=28945"}],"wp:term":[{"taxonomy":"category","embeddable":true,"href":"https:\/\/elinformante.mx\/index.php?rest_route=%2Fwp%2Fv2%2Fcategories&post=28945"},{"taxonomy":"post_tag","embeddable":true,"href":"https:\/\/elinformante.mx\/index.php?rest_route=%2Fwp%2Fv2%2Ftags&post=28945"}],"curies":[{"name":"wp","href":"https:\/\/api.w.org\/{rel}","templated":true}]}}