{"id":28949,"date":"2023-06-15T13:50:53","date_gmt":"2023-06-15T13:50:53","guid":{"rendered":"https:\/\/elinformante.mx\/?p=28949"},"modified":"2023-06-15T13:50:54","modified_gmt":"2023-06-15T13:50:54","slug":"realiza-gem-sesiones-de-fortalecimiento-para-la-estrategia-curricular-en-igualdad-de-genero","status":"publish","type":"post","link":"https:\/\/elinformante.mx\/?p=28949","title":{"rendered":"Realiza GEM sesiones de fortalecimiento para la estrategia curricular en igualdad de g\u00e9nero"},"content":{"rendered":"\n<blockquote class=\"wp-block-quote is-layout-flow wp-block-quote-is-layout-flow\">\n<p>Participan Subdirectores Regionales, Subdirectores de \u00c1rea, Jefes de Departamento y de Sector, Supervisores, Coordinadores, Asesores, Directores Escolares y Docentes de educaci\u00f3n b\u00e1sica y media superior de control estatal de toda la entidad.<\/p>\n<\/blockquote>\n\n\n\n<p>Con el objetivo de obtener propuestas que fortalezcan la Estrategia Curricular en Igualdad de G\u00e9nero (ECIG), el Gobierno del Estado de M\u00e9xico, a trav\u00e9s de la Secretar\u00eda de Educaci\u00f3n, lleva a cabo sesiones de trabajo, con la participaci\u00f3n de Subdirectores Regionales, Subdirectores de \u00c1rea, Jefes de Departamento y de Sector, Supervisores, Asesores, Coordinadores, Directores Escolares y Docentes.<br><\/p>\n\n\n\n<p>La ECIG fue presentada en agosto pasado por el Gobernador Alfredo Del Mazo Maza para todas las escuelas de educaci\u00f3n b\u00e1sica y media superior de control estatal, implement\u00e1ndose por las mismas a partir del Ciclo Escolar 2022-2023, con el prop\u00f3sito de contribuir a eliminar la violencia y las desigualdades entre ni\u00f1as y ni\u00f1os, mujeres y hombres incorporando contenidos con perspectiva de Igualdad de G\u00e9nero, Derechos Humanos y Cultura de Paz en los programas escolares.<br><\/p>\n\n\n\n<p>Las sesiones denominadas \u201cPropuestas de fortalecimiento a la implementaci\u00f3n de la ECIG desde la supervisi\u00f3n escolar\u201d, realizadas del 8 al 13 de junio con personal de todas las Supervisiones Escolares, contemplaron ejes de an\u00e1lisis que orientaron al di\u00e1logo como: contenidos curriculares, aprendizajes de maestras y maestros, asesor\u00eda acad\u00e9mica a la implementaci\u00f3n de la ECIG y participaci\u00f3n de todos en la consolidaci\u00f3n de la estrategia.<br><\/p>\n\n\n\n<p>Complementariamente, el 14 de junio se realiz\u00f3 la Jornada Escolar de Reforzamiento de la ECIG, en todas las escuelas p\u00fablicas y privadas de control estatal de los niveles de preescolar, primaria y secundaria, Centros de Atenci\u00f3n M\u00faltiple, Centros de Educaci\u00f3n para Personas J\u00f3venes y Adultas, Escuelas de Bellas Artes y Escuelas del Deporte; as\u00ed como Escuelas Preparatorias Oficiales, Centros de Bachillerato y Telebachillerato.<br><\/p>\n\n\n\n<figure class=\"wp-block-image size-large\"><img fetchpriority=\"high\" decoding=\"async\" width=\"1024\" height=\"503\" src=\"https:\/\/elinformante.mx\/wp-content\/uploads\/2023\/06\/realiza-2-1-1024x503.jpg\" alt=\"\" class=\"wp-image-28951\" srcset=\"https:\/\/elinformante.mx\/wp-content\/uploads\/2023\/06\/realiza-2-1-1024x503.jpg 1024w, https:\/\/elinformante.mx\/wp-content\/uploads\/2023\/06\/realiza-2-1-300x147.jpg 300w, https:\/\/elinformante.mx\/wp-content\/uploads\/2023\/06\/realiza-2-1-768x377.jpg 768w, https:\/\/elinformante.mx\/wp-content\/uploads\/2023\/06\/realiza-2-1-580x285.jpg 580w, https:\/\/elinformante.mx\/wp-content\/uploads\/2023\/06\/realiza-2-1-860x422.jpg 860w, https:\/\/elinformante.mx\/wp-content\/uploads\/2023\/06\/realiza-2-1.jpg 1140w\" sizes=\"(max-width: 1024px) 100vw, 1024px\" \/><\/figure>\n\n\n\n<p>El objetivo de la reuni\u00f3n fue permitir al colectivo docente evaluar los progresos realizados en la implementaci\u00f3n de la ECIG en la escuela; as\u00ed como definir las acciones necesarias para fortalecerla durante el resto del ciclo escolar actual y en el comienzo del pr\u00f3ximo.<br><\/p>\n\n\n\n<p>Los trabajos se basaron en la reflexi\u00f3n colegiada sobre la relevancia de la ECIG, sus objetivos, ejes y organizadores curriculares (temas, valores, habilidades y aprendizajes para la vida), adem\u00e1s del papel del docente en la escuela con esta estrategia.<br><\/p>\n\n\n\n<p>Asimismo, se revis\u00f3 la implementaci\u00f3n de la ECIG en las escuelas, para identificar c\u00f3mo se organizan las jornadas escolares y los recursos did\u00e1cticos que se utilizan, con la intenci\u00f3n de hacer un balance de logros a la fecha y, establecer los desaf\u00edos.<br><\/p>\n\n\n\n<p>Tambi\u00e9n se analizaron las acciones realizadas por cada docente durante el presente ciclo escolar, encaminadas al logro de aprendizajes para la vida en Igualdad de G\u00e9nero, Derechos Humanos y Cultura de Paz, en el contexto de la ECIG, as\u00ed como las evidencias recopiladas.<\/p>\n","protected":false},"excerpt":{"rendered":"<p>Participan Subdirectores Regionales, Subdirectores de \u00c1rea, Jefes de Departamento y de Sector, Supervisores, Coordinadores, Asesores, Directores Escolares y Docentes de educaci\u00f3n b\u00e1sica y media superior de control estatal de toda la entidad. Con el objetivo de obtener propuestas que fortalezcan la Estrategia Curricular en Igualdad de G\u00e9nero (ECIG), el Gobierno del Estado de M\u00e9xico, a [&hellip;]<\/p>\n","protected":false},"author":1,"featured_media":28950,"comment_status":"closed","ping_status":"closed","sticky":false,"template":"","format":"standard","meta":{"footnotes":""},"categories":[30,31],"tags":[],"class_list":["post-28949","post","type-post","status-publish","format-standard","has-post-thumbnail","hentry","category-destacado","category-portada"],"_links":{"self":[{"href":"https:\/\/elinformante.mx\/index.php?rest_route=\/wp\/v2\/posts\/28949","targetHints":{"allow":["GET"]}}],"collection":[{"href":"https:\/\/elinformante.mx\/index.php?rest_route=\/wp\/v2\/posts"}],"about":[{"href":"https:\/\/elinformante.mx\/index.php?rest_route=\/wp\/v2\/types\/post"}],"author":[{"embeddable":true,"href":"https:\/\/elinformante.mx\/index.php?rest_route=\/wp\/v2\/users\/1"}],"replies":[{"embeddable":true,"href":"https:\/\/elinformante.mx\/index.php?rest_route=%2Fwp%2Fv2%2Fcomments&post=28949"}],"version-history":[{"count":0,"href":"https:\/\/elinformante.mx\/index.php?rest_route=\/wp\/v2\/posts\/28949\/revisions"}],"wp:featuredmedia":[{"embeddable":true,"href":"https:\/\/elinformante.mx\/index.php?rest_route=\/wp\/v2\/media\/28950"}],"wp:attachment":[{"href":"https:\/\/elinformante.mx\/index.php?rest_route=%2Fwp%2Fv2%2Fmedia&parent=28949"}],"wp:term":[{"taxonomy":"category","embeddable":true,"href":"https:\/\/elinformante.mx\/index.php?rest_route=%2Fwp%2Fv2%2Fcategories&post=28949"},{"taxonomy":"post_tag","embeddable":true,"href":"https:\/\/elinformante.mx\/index.php?rest_route=%2Fwp%2Fv2%2Ftags&post=28949"}],"curies":[{"name":"wp","href":"https:\/\/api.w.org\/{rel}","templated":true}]}}