{"id":28953,"date":"2023-06-15T13:52:34","date_gmt":"2023-06-15T13:52:34","guid":{"rendered":"https:\/\/elinformante.mx\/?p=28953"},"modified":"2023-06-15T13:52:35","modified_gmt":"2023-06-15T13:52:35","slug":"avala-scjn-fin-del-outsourcing","status":"publish","type":"post","link":"https:\/\/elinformante.mx\/?p=28953","title":{"rendered":"Avala SCJN fin del outsourcing"},"content":{"rendered":"\n<blockquote class=\"wp-block-quote is-layout-flow wp-block-quote-is-layout-flow\">\n<p>Es el cambio en materia laboral m\u00e1s importante derivado de una iniciativa del actual gobierno.<\/p>\n<\/blockquote>\n\n\n\n<p>La Suprema Corte de Justicia de la Naci\u00f3n (SCJN) aval\u00f3 hoy la reforma de 2021 que elimin\u00f3 la figura de la subcontrataci\u00f3n de personal, conocida como \u201coutsourcing\u201d, el cambio en materia laboral m\u00e1s importante derivado de una iniciativa del actual gobierno.<br><\/p>\n\n\n\n<p>Sin embargo, la Segunda Sala de la Corte declar\u00f3 inconstitucional una de las reglas expedidas por la Secretar\u00eda del Trabajo y Previsi\u00f3n Social (STPS) para aterrizar la reforma, ya que excedi\u00f3 lo previsto en las leyes respectivas.<br><\/p>\n\n\n\n<p>Por unanimidad, la Sala neg\u00f3 el primer amparo de una empresa de subcontrataci\u00f3n contra los cambios a las leyes Federal del Trabajo (LFT), del Seguro Social (LSS) y del Infonavit, que en general suprimieron la subcontrataci\u00f3n de empleados, y ahora solo prev\u00e9n esta figura para ciertos servicios especializados.<br><\/p>\n\n\n\n<p>La Corte estableci\u00f3, al aprobar un proyecto de la Ministra Yasm\u00edn Esquivel, que la reforma no es retroactiva ni irracional, ni viola los derechos humanos de libertad de comercio y trato igualitario. Uno de los argumentos de Portal Din\u00e1mico, empresa cuyo amparo fue revisado por la Corte, es que el gobierno y el Congreso partieron de la premisa falsa de que todo el sector empresarial dedicado y beneficiado por la subcontrataci\u00f3n laboral realizaba pr\u00e1cticas indebidas y fraudulentas.<br><\/p>\n\n\n\n<p>La Sala tambi\u00e9n aprob\u00f3 por unanimidad otro proyecto, pero del Ministro Luis Mar\u00eda Aguilar, que neg\u00f3 el amparo contra la derogaci\u00f3n de una parte del art\u00edculo 75 de la LSS, incluida en la misma reforma.<br><\/p>\n\n\n\n<p>La derogaci\u00f3n elimin\u00f3 la posibilidad de que las empresas de outsourcing puedan darse de alta ante el IMSS en las cinco clases que la ley prev\u00e9, para calcular las primas que los patrones deben pagar a ese \u00f3rgano por el seguro de riesgo de trabajo.<br><\/p>\n\n\n\n<p>En este acuerdo de mayo de 2021, la titular de la STPS, Luisa Mar\u00eda Alcalde, incluy\u00f3 esta definici\u00f3n:<br><\/p>\n\n\n\n<p>\u201cServicios u obras especializadas son aquellos que re\u00fanen elementos o factores distintivos de la actividad que desempe\u00f1a la contratista, que se encuentran sustentados, entre otros, en la capacitaci\u00f3n, certificaciones, permisos o licencias que regulan la actividad, equipamiento, tecnolog\u00eda, activos, maquinaria, nivel de riesgo, rango salarial promedio y experiencia, los cuales aportan valor agregado a la beneficiaria\u201d.<br><\/p>\n\n\n\n<p>La mayor\u00eda determino que la STPS no ten\u00eda facultad legal para hacer esta definici\u00f3n, pues su \u00fanica funci\u00f3n era fijar reglas para el registro de las empresas.<\/p>\n","protected":false},"excerpt":{"rendered":"<p>Es el cambio en materia laboral m\u00e1s importante derivado de una iniciativa del actual gobierno. La Suprema Corte de Justicia de la Naci\u00f3n (SCJN) aval\u00f3 hoy la reforma de 2021 que elimin\u00f3 la figura de la subcontrataci\u00f3n de personal, conocida como \u201coutsourcing\u201d, el cambio en materia laboral m\u00e1s importante derivado de una iniciativa del actual [&hellip;]<\/p>\n","protected":false},"author":1,"featured_media":28954,"comment_status":"closed","ping_status":"closed","sticky":false,"template":"","format":"standard","meta":{"footnotes":""},"categories":[30,31],"tags":[],"class_list":["post-28953","post","type-post","status-publish","format-standard","has-post-thumbnail","hentry","category-destacado","category-portada"],"_links":{"self":[{"href":"https:\/\/elinformante.mx\/index.php?rest_route=\/wp\/v2\/posts\/28953","targetHints":{"allow":["GET"]}}],"collection":[{"href":"https:\/\/elinformante.mx\/index.php?rest_route=\/wp\/v2\/posts"}],"about":[{"href":"https:\/\/elinformante.mx\/index.php?rest_route=\/wp\/v2\/types\/post"}],"author":[{"embeddable":true,"href":"https:\/\/elinformante.mx\/index.php?rest_route=\/wp\/v2\/users\/1"}],"replies":[{"embeddable":true,"href":"https:\/\/elinformante.mx\/index.php?rest_route=%2Fwp%2Fv2%2Fcomments&post=28953"}],"version-history":[{"count":0,"href":"https:\/\/elinformante.mx\/index.php?rest_route=\/wp\/v2\/posts\/28953\/revisions"}],"wp:featuredmedia":[{"embeddable":true,"href":"https:\/\/elinformante.mx\/index.php?rest_route=\/wp\/v2\/media\/28954"}],"wp:attachment":[{"href":"https:\/\/elinformante.mx\/index.php?rest_route=%2Fwp%2Fv2%2Fmedia&parent=28953"}],"wp:term":[{"taxonomy":"category","embeddable":true,"href":"https:\/\/elinformante.mx\/index.php?rest_route=%2Fwp%2Fv2%2Fcategories&post=28953"},{"taxonomy":"post_tag","embeddable":true,"href":"https:\/\/elinformante.mx\/index.php?rest_route=%2Fwp%2Fv2%2Ftags&post=28953"}],"curies":[{"name":"wp","href":"https:\/\/api.w.org\/{rel}","templated":true}]}}