{"id":28980,"date":"2023-06-15T14:02:56","date_gmt":"2023-06-15T14:02:56","guid":{"rendered":"https:\/\/elinformante.mx\/?p=28980"},"modified":"2023-06-15T14:02:57","modified_gmt":"2023-06-15T14:02:57","slug":"entregan-instalaciones-para-personal-de-grupos-tacticos-penitenciarios-y-subdireccion-de-policia-procesal-valle-toluca","status":"publish","type":"post","link":"https:\/\/elinformante.mx\/?p=28980","title":{"rendered":"Entregan instalaciones para personal de grupos t\u00e1cticos penitenciarios y Subdirecci\u00f3n de Polic\u00eda Procesal, Valle Toluca"},"content":{"rendered":"\n<blockquote class=\"wp-block-quote is-layout-flow wp-block-quote-is-layout-flow\">\n<p>El titular de la SS, Rodrigo Mart\u00ednez-Celis Wogau, refiri\u00f3 que la dependencia a su cargo coordina las acciones necesarias para otorgar herramientas, equipamiento e infraestructura al personal de las diferentes \u00e1reas, con la finalidad de que realicen sus funciones de manera adecuada.<\/p>\n<\/blockquote>\n\n\n\n<p>Con la finalidad de fortalecer la estructura y los procesos de las fuerzas policiacas penitenciarias, as\u00ed como dotar de espacios e infraestructura que contribuyan al desarrollo profesional de los mismos, la Secretar\u00eda de Seguridad (SS) a trav\u00e9s de la Subsecretar\u00eda de Control Penitenciario entreg\u00f3 las instalaciones para personal de Grupos T\u00e1cticos Penitenciarios y la Subdirecci\u00f3n de la Polic\u00eda Procesal, Valle Toluca.<br><\/p>\n\n\n\n<p>Al dirigir su mensaje, el Secretario de Seguridad, Rodrigo Mart\u00ednez-Celis Wogau asegur\u00f3 que la instituci\u00f3n a su cargo realiza acciones para otorgar herramientas, equipamiento e infraestructura al personal de las diferentes \u00e1reas de la SS con la finalidad de que desarrollen sus funciones de la mejor manera; a\u00f1adi\u00f3 que aunque en los Centros Penitenciarios y de Reinserci\u00f3n Social (CPRS) de la entidad actualmente existe un ambiente de paz, armon\u00eda y gobernabilidad, no se puede bajar la guardia y hay que estar preparados para enfrentar cualquier contingencia que pudiera llegar a presentarse, con la consigna de respetar en todo momento los derechos humanos de las Personas Privadas de la Libertad (PPL).<br><\/p>\n\n\n\n<p>Tambi\u00e9n reconoci\u00f3 el trabajo que realizan las y los elementos de la Polic\u00eda Procesal, quienes son un pilar fundamental en el correcto funcionamiento del sistema judicial mexiquense; su contribuci\u00f3n para garantizar un proceso legal y equitativo es de vital importancia, ya que salvaguardan la integridad de las y los internos durante su traslado y comparecencia ante los tribunales.<br><\/p>\n\n\n\n<figure class=\"wp-block-image size-large\"><img fetchpriority=\"high\" decoding=\"async\" width=\"1024\" height=\"503\" src=\"https:\/\/elinformante.mx\/wp-content\/uploads\/2023\/06\/ENTREGAN-3-1024x503.jpg\" alt=\"\" class=\"wp-image-28982\" srcset=\"https:\/\/elinformante.mx\/wp-content\/uploads\/2023\/06\/ENTREGAN-3-1024x503.jpg 1024w, https:\/\/elinformante.mx\/wp-content\/uploads\/2023\/06\/ENTREGAN-3-300x147.jpg 300w, https:\/\/elinformante.mx\/wp-content\/uploads\/2023\/06\/ENTREGAN-3-768x377.jpg 768w, https:\/\/elinformante.mx\/wp-content\/uploads\/2023\/06\/ENTREGAN-3-580x285.jpg 580w, https:\/\/elinformante.mx\/wp-content\/uploads\/2023\/06\/ENTREGAN-3-860x422.jpg 860w, https:\/\/elinformante.mx\/wp-content\/uploads\/2023\/06\/ENTREGAN-3.jpg 1140w\" sizes=\"(max-width: 1024px) 100vw, 1024px\" \/><\/figure>\n\n\n\n<p>\u201cTengan por seguro que el bienestar de cada elemento es una prioridad para esta Secretar\u00eda que busca mejorar los espacios a trav\u00e9s de un enfoque integral que beneficie a todas las unidades y agrupamientos de la polic\u00eda para responder a sus necesidades inmediatas; este plan de renovaci\u00f3n, modernizaci\u00f3n y creaci\u00f3n de instalaciones es un proyecto que poco a poco se ha ido consolidando y que tendr\u00e1 sus frutos en una polic\u00eda y una Secretar\u00eda de Seguridad plenamente robustecida y preparada para enfrentar los retos que se presenten\u201d.<br><\/p>\n\n\n\n<p>En su oportunidad, el Subsecretario de Control Penitenciario, Jacobo Olaf Rodr\u00edguez Garc\u00eda explic\u00f3 que la base cuenta con el equipamiento y espacios que contribuir\u00e1n a que las y los elementos desarrollen sus habilidades como la extracci\u00f3n y control de internos, as\u00ed como posibles ri\u00f1as y disturbios en los 20 CPRS mexiquenses, as\u00ed como el Centro de Internamiento para Adolescentes Quinta de Bosque; asegur\u00f3 que, con la entrega de estas instalaciones, el Sistema Penitenciario m\u00e1s grande del pa\u00eds dignifica la infraestructura del personal del Grupo T\u00e1ctico Penitenciario y de la Polic\u00eda Procesal.<br><\/p>\n\n\n\n<p>\u201cEn este Sistema Penitenciario creemos de manera convencida en que la reinserci\u00f3n social culmina el ciclo de la justicia, una justicia con enfoque restaurativo, que tenga como principal objetivo una reclusi\u00f3n con prop\u00f3sito y no punitiva, pero siempre bajo los principios innegociables de orden, respeto y disciplina, en donde ustedes son la columna vertebral del Sistema Penitenciario, as\u00ed pues, los exhortamos a seguir conduci\u00e9ndose con el mismo compromiso y esfuerzo bajo el principio de m\u00e1xima lealtad para con la ciudadan\u00eda del Estado de M\u00e9xico y para con los principios y valores de nuestra instituci\u00f3n\u201d.<br><\/p>\n\n\n\n<figure class=\"wp-block-image size-large\"><img decoding=\"async\" width=\"1024\" height=\"503\" src=\"https:\/\/elinformante.mx\/wp-content\/uploads\/2023\/06\/ENTREGAN-1-1024x503.jpg\" alt=\"\" class=\"wp-image-28983\" srcset=\"https:\/\/elinformante.mx\/wp-content\/uploads\/2023\/06\/ENTREGAN-1-1024x503.jpg 1024w, https:\/\/elinformante.mx\/wp-content\/uploads\/2023\/06\/ENTREGAN-1-300x147.jpg 300w, https:\/\/elinformante.mx\/wp-content\/uploads\/2023\/06\/ENTREGAN-1-768x377.jpg 768w, https:\/\/elinformante.mx\/wp-content\/uploads\/2023\/06\/ENTREGAN-1-580x285.jpg 580w, https:\/\/elinformante.mx\/wp-content\/uploads\/2023\/06\/ENTREGAN-1-860x422.jpg 860w, https:\/\/elinformante.mx\/wp-content\/uploads\/2023\/06\/ENTREGAN-1.jpg 1140w\" sizes=\"(max-width: 1024px) 100vw, 1024px\" \/><\/figure>\n\n\n\n<p>El titular de la SS realiz\u00f3 un recorrido por Base Delta 1, instalaciones de Grupos T\u00e1cticos y la Subdirecci\u00f3n de Polic\u00eda Procesal Valle Toluca, localizada en avenida Santiaguito Tlalcilalcalli, en el municipio de Almoloya de Ju\u00e1rez. Este cuenta con tres edificios, dos para el personal de elementos del Grupo T\u00e1ctico. El primero consta de un dormitorio femenil con oficina, literas, sanitarios, regaderas, sala de estar, \u00e1rea de resguardo del equipo anti mot\u00edn, armer\u00eda y herramientas para sofocar incendios. El segundo, conformado por la estancia varonil, adem\u00e1s del dormitorio cuenta con \u00e1rea de juegos para perros del equipo K9 y archivo general.<br><\/p>\n\n\n\n<p>En tanto, el destinado para la Polic\u00eda Procesal presenta el mismo equipamiento y alberga la Subdirecci\u00f3n Valle Toluca. Los elementos que ocupar\u00e1n las instalaciones compartir\u00e1n el gimnasio, \u00e1reas verdes, una cancha de usos m\u00faltiples y un espacio de acondicionamiento f\u00edsico al aire libre.<br><\/p>\n\n\n\n<p>Con la entonaci\u00f3n de un toque de silencio y la colocaci\u00f3n de dos coronas de flores, el titular de la SS y el Subsecretario de Control Penitenciario realizaron una guardia en el Muro de Honor, en memoria de los compa\u00f1eros ca\u00eddos en cumplimiento de su deber. En este acto estuvieron acompa\u00f1ados por Jonathan A. Gonz\u00e1lez Torres, director general de Prevenci\u00f3n y Reinserci\u00f3n Social.<br><\/p>\n\n\n\n<p>Al evento tambi\u00e9n acudi\u00f3 Aylin Morales Gonz\u00e1lez, Custodia C; Rubit Itzel Reyes Valdez, Polic\u00eda Procesal; Miguel \u00c1ngel Gonz\u00e1lez Carre\u00f1o, Custodio C. y Abel Almaz\u00e1n Hern\u00e1ndez, Polic\u00eda Procesal.<\/p>\n","protected":false},"excerpt":{"rendered":"<p>El titular de la SS, Rodrigo Mart\u00ednez-Celis Wogau, refiri\u00f3 que la dependencia a su cargo coordina las acciones necesarias para otorgar herramientas, equipamiento e infraestructura al personal de las diferentes \u00e1reas, con la finalidad de que realicen sus funciones de manera adecuada. Con la finalidad de fortalecer la estructura y los procesos de las fuerzas [&hellip;]<\/p>\n","protected":false},"author":1,"featured_media":28981,"comment_status":"closed","ping_status":"closed","sticky":false,"template":"","format":"standard","meta":{"footnotes":""},"categories":[30,36],"tags":[],"class_list":["post-28980","post","type-post","status-publish","format-standard","has-post-thumbnail","hentry","category-destacado","category-edomex"],"_links":{"self":[{"href":"https:\/\/elinformante.mx\/index.php?rest_route=\/wp\/v2\/posts\/28980","targetHints":{"allow":["GET"]}}],"collection":[{"href":"https:\/\/elinformante.mx\/index.php?rest_route=\/wp\/v2\/posts"}],"about":[{"href":"https:\/\/elinformante.mx\/index.php?rest_route=\/wp\/v2\/types\/post"}],"author":[{"embeddable":true,"href":"https:\/\/elinformante.mx\/index.php?rest_route=\/wp\/v2\/users\/1"}],"replies":[{"embeddable":true,"href":"https:\/\/elinformante.mx\/index.php?rest_route=%2Fwp%2Fv2%2Fcomments&post=28980"}],"version-history":[{"count":0,"href":"https:\/\/elinformante.mx\/index.php?rest_route=\/wp\/v2\/posts\/28980\/revisions"}],"wp:featuredmedia":[{"embeddable":true,"href":"https:\/\/elinformante.mx\/index.php?rest_route=\/wp\/v2\/media\/28981"}],"wp:attachment":[{"href":"https:\/\/elinformante.mx\/index.php?rest_route=%2Fwp%2Fv2%2Fmedia&parent=28980"}],"wp:term":[{"taxonomy":"category","embeddable":true,"href":"https:\/\/elinformante.mx\/index.php?rest_route=%2Fwp%2Fv2%2Fcategories&post=28980"},{"taxonomy":"post_tag","embeddable":true,"href":"https:\/\/elinformante.mx\/index.php?rest_route=%2Fwp%2Fv2%2Ftags&post=28980"}],"curies":[{"name":"wp","href":"https:\/\/api.w.org\/{rel}","templated":true}]}}