{"id":28992,"date":"2023-06-15T14:17:08","date_gmt":"2023-06-15T14:17:08","guid":{"rendered":"https:\/\/elinformante.mx\/?p=28992"},"modified":"2023-06-15T14:17:08","modified_gmt":"2023-06-15T14:17:08","slug":"reconocen-a-san-mateo-atenco-con-distintivo-edomexsti","status":"publish","type":"post","link":"https:\/\/elinformante.mx\/?p=28992","title":{"rendered":"Reconocen a San Mateo Atenco con distintivo EDOMEXSTI"},"content":{"rendered":"\n<blockquote class=\"wp-block-quote is-layout-flow wp-block-quote-is-layout-flow\">\n<p>Tal reconocimiento lo obtiene el Ayuntamiento por segundo a\u00f1o consecutivo en la lucha contra trabajo infantil.<\/p>\n<\/blockquote>\n\n\n\n<p>La presidenta municipal de San Mateo Atenco, Ana Mu\u00f1iz Neyra, recibi\u00f3 de la secretaria del Trabajo del Estado de M\u00e9xico, Maribel G\u00f3ngora Espinosa, el Distintivo EDOMEXSTI que reconoce las buenas pr\u00e1cticas de la administraci\u00f3n municipal contra el trabajo infantil.<br><\/p>\n\n\n\n<p>En el marco del D\u00eda Internacional del Trabajo, la administraci\u00f3n municipal fue reconocida por segundo a\u00f1o consecutivo con este Distintivo, el cual es otorgado por la Organizaci\u00f3n Internacional del Trabajo y la Secretar\u00eda del Trabajo del Estado de M\u00e9xico y es un reconocimiento para empresas e instituciones p\u00fablicas y sociales que cuenten con buenas pr\u00e1cticas laborales que contribuyan a la prevenci\u00f3n y erradicaci\u00f3n del trabajo infantil en el Estado de M\u00e9xico.<br><\/p>\n\n\n\n<p>La alcaldesa Ana Mu\u00f1iz agradeci\u00f3 la labor del DIF Municipal de San Mateo Atenco en esta materia y el respaldo de la Secretar\u00eda del Trabajo para lograr las buenas pr\u00e1cticas que le han permitido ser un municipio libre de Trabajo Infantil, \u201cratificamos nuestro compromiso de seguir trabajando unidos por la ni\u00f1ez atenquense y cumplir para proteger y garantizar sus derechos.\u201d<br><\/p>\n\n\n\n<p>La secretaria Maribel G\u00f3ngora destac\u00f3 el trabajo que realizan los gobiernos municipales, a trav\u00e9s de los Sistemas Municipales DIF, a quienes reconoci\u00f3 su trabajo ya que \u201cse trata de la c\u00e9lula m\u00e1s sensible al interior de la administraci\u00f3n municipal, es el \u00e1rea m\u00e1s cercana a la ciudadan\u00eda y que atienen con mayor sensibilidad a las ni\u00f1as, ni\u00f1os y adolescentes\u201d.<br><\/p>\n\n\n\n<p>Finalmente, dijo que la instrucci\u00f3n del gobernador Alfredo Del Mazo Maza ha sido impulsar el desarrollo integral de este sector de la poblaci\u00f3n, es as\u00ed que han realizado un trabajo constante para cumplir con el compromiso de prevenir y erradicar el trabajo infantil; agradeci\u00f3 la incorporaci\u00f3n de la Fundaci\u00f3n Save The Children, quienes presentaron el Atlas sobre Riesgo de Trabajo Infantil, ante la C\u00e1mara de Diputados del Congreso de la Uni\u00f3n, y a trav\u00e9s del cual cada entidad federativa podr\u00e1 detectar cu\u00e1l es el reto que tienen en sus regiones, y saber cu\u00e1les ser\u00e1n los programas y acciones que deben poner en marcha para prevenir y erradicar el trabajo infantil.<\/p>\n","protected":false},"excerpt":{"rendered":"<p>Tal reconocimiento lo obtiene el Ayuntamiento por segundo a\u00f1o consecutivo en la lucha contra trabajo infantil. La presidenta municipal de San Mateo Atenco, Ana Mu\u00f1iz Neyra, recibi\u00f3 de la secretaria del Trabajo del Estado de M\u00e9xico, Maribel G\u00f3ngora Espinosa, el Distintivo EDOMEXSTI que reconoce las buenas pr\u00e1cticas de la administraci\u00f3n municipal contra el trabajo infantil. [&hellip;]<\/p>\n","protected":false},"author":1,"featured_media":28993,"comment_status":"closed","ping_status":"closed","sticky":false,"template":"","format":"standard","meta":{"footnotes":""},"categories":[30,36],"tags":[],"class_list":["post-28992","post","type-post","status-publish","format-standard","has-post-thumbnail","hentry","category-destacado","category-edomex"],"_links":{"self":[{"href":"https:\/\/elinformante.mx\/index.php?rest_route=\/wp\/v2\/posts\/28992","targetHints":{"allow":["GET"]}}],"collection":[{"href":"https:\/\/elinformante.mx\/index.php?rest_route=\/wp\/v2\/posts"}],"about":[{"href":"https:\/\/elinformante.mx\/index.php?rest_route=\/wp\/v2\/types\/post"}],"author":[{"embeddable":true,"href":"https:\/\/elinformante.mx\/index.php?rest_route=\/wp\/v2\/users\/1"}],"replies":[{"embeddable":true,"href":"https:\/\/elinformante.mx\/index.php?rest_route=%2Fwp%2Fv2%2Fcomments&post=28992"}],"version-history":[{"count":0,"href":"https:\/\/elinformante.mx\/index.php?rest_route=\/wp\/v2\/posts\/28992\/revisions"}],"wp:featuredmedia":[{"embeddable":true,"href":"https:\/\/elinformante.mx\/index.php?rest_route=\/wp\/v2\/media\/28993"}],"wp:attachment":[{"href":"https:\/\/elinformante.mx\/index.php?rest_route=%2Fwp%2Fv2%2Fmedia&parent=28992"}],"wp:term":[{"taxonomy":"category","embeddable":true,"href":"https:\/\/elinformante.mx\/index.php?rest_route=%2Fwp%2Fv2%2Fcategories&post=28992"},{"taxonomy":"post_tag","embeddable":true,"href":"https:\/\/elinformante.mx\/index.php?rest_route=%2Fwp%2Fv2%2Ftags&post=28992"}],"curies":[{"name":"wp","href":"https:\/\/api.w.org\/{rel}","templated":true}]}}