{"id":28995,"date":"2023-06-15T14:18:30","date_gmt":"2023-06-15T14:18:30","guid":{"rendered":"https:\/\/elinformante.mx\/?p=28995"},"modified":"2023-06-15T14:18:31","modified_gmt":"2023-06-15T14:18:31","slug":"piden-recorrer-el-horario-de-salida-de-escuelas-del-sur-en-edomex","status":"publish","type":"post","link":"https:\/\/elinformante.mx\/?p=28995","title":{"rendered":"Piden recorrer el horario de salida de escuelas del sur en Edom\u00e9x"},"content":{"rendered":"\n<blockquote class=\"wp-block-quote is-layout-flow wp-block-quote-is-layout-flow\">\n<p>Son preocupantes las altas temperaturas que se est\u00e1n registrando, hasta de 30 y 36 grados.<\/p>\n<\/blockquote>\n\n\n\n<p>Instituciones de educaci\u00f3n b\u00e1sica, especialmente del sur del Estado de M\u00e9xico han solicitado recorrer el horario de salida de escuelas por las temperaturas elevadas que se registran dentro de los salones de clase.<br><\/p>\n\n\n\n<p>La Uni\u00f3n de Padres de familia del Estado de M\u00e9xico, que preside Jos\u00e9 Luis Romero, habl\u00f3 de que son preocupantes las altas temperaturas que se est\u00e1n registrando, hasta de 30 y 36 grados.<br><\/p>\n\n\n\n<p>Recomend\u00f3 que no deben salir al patio de las escuelas que no tengan arco techos, pues han habido en algunos casos golpes de calor o insolaci\u00f3n en los menores de edad, pero desconoci\u00f3 el n\u00famero.<br><\/p>\n\n\n\n<p>Pidi\u00f3 que dentro de los salones se pongan ventiladores. Si no es posible que puedan tener estos aparatos o sistemas de enfriamiento, se tomen clases m\u00e1s temprano y regresen a sus domicilios antes de las 12:00 horas, cuando empieza a calentar m\u00e1s la temperatura.<br><\/p>\n\n\n\n<p>Para ello, dijo ser\u00eda recomendable que entrar\u00e1n un poco antes de las 8 de la ma\u00f1ana, para que puedan salir temprano.<br><\/p>\n\n\n\n<p>Lament\u00f3 que posiblemente esto afecte a los padres de familia, porque tienen sus horarios para ir a trabajar, pero al parecer est\u00e1 ola de calor afectar\u00e1 por lo menos una semana.<br><\/p>\n\n\n\n<figure class=\"wp-block-image size-large\"><img fetchpriority=\"high\" decoding=\"async\" width=\"1024\" height=\"503\" src=\"https:\/\/elinformante.mx\/wp-content\/uploads\/2023\/06\/PIDEN-1024x503.jpg\" alt=\"\" class=\"wp-image-28997\" srcset=\"https:\/\/elinformante.mx\/wp-content\/uploads\/2023\/06\/PIDEN-1024x503.jpg 1024w, https:\/\/elinformante.mx\/wp-content\/uploads\/2023\/06\/PIDEN-300x147.jpg 300w, https:\/\/elinformante.mx\/wp-content\/uploads\/2023\/06\/PIDEN-768x377.jpg 768w, https:\/\/elinformante.mx\/wp-content\/uploads\/2023\/06\/PIDEN-580x285.jpg 580w, https:\/\/elinformante.mx\/wp-content\/uploads\/2023\/06\/PIDEN-860x422.jpg 860w, https:\/\/elinformante.mx\/wp-content\/uploads\/2023\/06\/PIDEN.jpg 1140w\" sizes=\"(max-width: 1024px) 100vw, 1024px\" \/><\/figure>\n\n\n\n<p>Los municipios del sur son Almoloya de Alquisiras, Amatepec, Coatepec Harinas, Donato Guerra, Ixtapan de la Sal, Ixtapan del Oro, Luvianos, Malinalco, Ocuilan, Otzoloapan, San Sim\u00f3n de Guerrero, Santo Tom\u00e1s de los Pl\u00e1tanos, Sultepec, Tejupilco, Temascaltepec, Tlatlaya, Tonatico, Tenancingo, Texcaltitl\u00e1n, Villa Guerrero, Valle de Bravo y otros.<br><\/p>\n\n\n\n<p>Adem\u00e1s en todo el Estado de M\u00e9xico, es necesario que las escuelas, utilicen los protocolos sanitarios que se emplearon en pandemia, como el gel antibacterial y cubrebocas, si presentan alg\u00fan s\u00edntoma estomacal o enfermedad gastrointestinal, para evitar contagios. Se requiere que lleven agua en una botella para hidratarse.<br><\/p>\n\n\n\n<p>Destac\u00f3 que se debe evitar que los menores de edad consuman alimentos en las calles, para frenar cualquier intoxicaci\u00f3n por consumo de productos en mal estado o frutas y verduras no desinfectadas.<br><\/p>\n\n\n\n<p>De las 22 mil escuelas de educaci\u00f3n b\u00e1sica del Estado de M\u00e9xico, se calcula que el 3 por ciento no cuenta con agua para lavar sus sanitarios y salones.<br><\/p>\n\n\n\n<p>Es urgente que las autoridades sanitarias y educativas lleven agua potable a trav\u00e9s tinacos o aparatos especiales en estos d\u00edas, para que los ni\u00f1os puedan beber agua para hidratarse.<br><\/p>\n\n\n\n<p>La Uni\u00f3n de padres de Familia ha enviado est\u00e1s recomendaciones a las diferentes organizaciones de paterfamilias para que se prevengan malestares o el golpe de calor en los menores de edad, finaliz\u00f3.<\/p>\n","protected":false},"excerpt":{"rendered":"<p>Son preocupantes las altas temperaturas que se est\u00e1n registrando, hasta de 30 y 36 grados. Instituciones de educaci\u00f3n b\u00e1sica, especialmente del sur del Estado de M\u00e9xico han solicitado recorrer el horario de salida de escuelas por las temperaturas elevadas que se registran dentro de los salones de clase. La Uni\u00f3n de Padres de familia del [&hellip;]<\/p>\n","protected":false},"author":1,"featured_media":28996,"comment_status":"closed","ping_status":"closed","sticky":false,"template":"","format":"standard","meta":{"footnotes":""},"categories":[30,36],"tags":[],"class_list":["post-28995","post","type-post","status-publish","format-standard","has-post-thumbnail","hentry","category-destacado","category-edomex"],"_links":{"self":[{"href":"https:\/\/elinformante.mx\/index.php?rest_route=\/wp\/v2\/posts\/28995","targetHints":{"allow":["GET"]}}],"collection":[{"href":"https:\/\/elinformante.mx\/index.php?rest_route=\/wp\/v2\/posts"}],"about":[{"href":"https:\/\/elinformante.mx\/index.php?rest_route=\/wp\/v2\/types\/post"}],"author":[{"embeddable":true,"href":"https:\/\/elinformante.mx\/index.php?rest_route=\/wp\/v2\/users\/1"}],"replies":[{"embeddable":true,"href":"https:\/\/elinformante.mx\/index.php?rest_route=%2Fwp%2Fv2%2Fcomments&post=28995"}],"version-history":[{"count":0,"href":"https:\/\/elinformante.mx\/index.php?rest_route=\/wp\/v2\/posts\/28995\/revisions"}],"wp:featuredmedia":[{"embeddable":true,"href":"https:\/\/elinformante.mx\/index.php?rest_route=\/wp\/v2\/media\/28996"}],"wp:attachment":[{"href":"https:\/\/elinformante.mx\/index.php?rest_route=%2Fwp%2Fv2%2Fmedia&parent=28995"}],"wp:term":[{"taxonomy":"category","embeddable":true,"href":"https:\/\/elinformante.mx\/index.php?rest_route=%2Fwp%2Fv2%2Fcategories&post=28995"},{"taxonomy":"post_tag","embeddable":true,"href":"https:\/\/elinformante.mx\/index.php?rest_route=%2Fwp%2Fv2%2Ftags&post=28995"}],"curies":[{"name":"wp","href":"https:\/\/api.w.org\/{rel}","templated":true}]}}